{"id":6875,"date":"2024-07-25T13:29:39","date_gmt":"2024-07-25T18:29:39","guid":{"rendered":"https:\/\/colombiaopina.com.co\/?p=6875"},"modified":"2024-07-25T13:29:44","modified_gmt":"2024-07-25T18:29:44","slug":"biden-se-retira-de-la-contienda-presidencial-kamala-harris-asume-la-candidatura-democrata","status":"publish","type":"post","link":"https:\/\/colombiaopina.com.co\/index.php\/2024\/07\/25\/biden-se-retira-de-la-contienda-presidencial-kamala-harris-asume-la-candidatura-democrata\/","title":{"rendered":"Biden se retira de la contienda presidencial: Kamala Harris asume la candidatura dem\u00f3crata"},"content":{"rendered":"<p>En un momento crucial para la pol\u00edtica estadounidense, el presidente Joe Biden abord\u00f3 a su naci\u00f3n en un discurso en el que detall\u00f3 los motivos detr\u00e1s de su decisi\u00f3n de retirarse de la carrera por la reelecci\u00f3n y adem\u00e1s comparti\u00f3 su visi\u00f3n para los seis meses restantes de su mandato.<br><\/p><p>\u201cHay un tiempo y un lugar para largos a\u00f1os de experiencia en la vida p\u00fablica. Tambi\u00e9n hay un tiempo y un lugar para voces nuevas, voces frescas, s\u00ed, voces j\u00f3venes\u201d, dijo el presidente de Estados Unidos, en un evidente impulso a la candidatura de su vicepresidenta, Kamala Harris, de 59 a\u00f1os.<br><\/p><p>Biden anunci\u00f3 el pasado domingo, mediante una carta publicada en redes sociales, que se retirar\u00eda de la carrera por la reelecci\u00f3n. Esto mientras se encontraba en un periodo de aislamiento debido a su recuperaci\u00f3n por Covid-19.<br><\/p><p>El presidente, de 81 a\u00f1os, enfrent\u00f3 una serie de presiones dentro de su propio partido, que cuestionaron su estado de salud y agilidad mental tras un debate presidencial controvertido con el candidato republicano Donald Trump. Estas preocupaciones, combinadas con consideraciones sobre su capacidad para continuar liderando la naci\u00f3n en tiempos turbulentos, llevaron a Biden a tomar la decisi\u00f3n de retirarse de la carrera de la reelecci\u00f3n.<br><\/p><p>\u201cEstados Unidos es una idea, una idea m\u00e1s fuerte que cualquier ej\u00e9rcito, m\u00e1s grande que cualquier oc\u00e9ano, m\u00e1s poderoso que cualquier dictador o tirano\u201d, dijo Biden en lo que se interpret\u00f3 como un dardo contra el republicano, Donald Trump. Durante los \u00faltimos d\u00edas, el presidente hab\u00eda estado aislado en su residencia en Delaware tras dar positivo por Covid-19. Pero seg\u00fan el informe m\u00e9dico m\u00e1s reciente, el mandatario ha dado negativo y sus s\u00edntomas han desaparecido.<br><\/p><p>Biden declar\u00f3 en d\u00edas pasados que su retirada es en beneficio del pa\u00eds y del partido, y design\u00f3 a la vicepresidenta Kamala Harris como su sucesora, quien ya ha asegurado los delegados necesarios para la nominaci\u00f3n en la pr\u00f3xima convenci\u00f3n dem\u00f3crata en agosto.<\/p><p><br><strong>\u00bfY Kamala Harris?<\/strong><br>Harris, quien se ha ganado el respaldo de una amplia gama de personalidades, gobernadores y congresistas dem\u00f3cratas, viaj\u00f3 este mi\u00e9rcoles a Indian\u00e1polis, en el centro del pa\u00eds, territorio que podr\u00eda ser crucial para ganar las elecciones. Los votantes del Estado de Indiana no han respaldado a un candidato presidencial dem\u00f3crata en casi 15 a\u00f1os. Sin embargo, se espera que con la visita de la vicepresidenta Kamala Harris a ese estado s\u00f3lidamente republicano, buscar\u00e1 un nuevo electorado entre las mujeres y la poblaci\u00f3n afroamericana, que se espera la apoye en gran medida en noviembre.<br><\/p><p>\u201cKamala Harris tiene experiencia, es fuerte, es capaz y ha sido para m\u00ed una socia incre\u00edble y una l\u00edder en este pa\u00eds. Ahora el pueblo de Estados Unidos tiene que decidir\u201d, se\u00f1al\u00f3 Biden sobre la candidata dem\u00f3crata.<br><\/p><p>Es un momento crucial para Harris, una mujer de ascendencia negra y surasi\u00e1tica, que se dirige a un grupo entusiasta por su condici\u00f3n hist\u00f3rica como la probable nominada dem\u00f3crata. Su equipo de campa\u00f1a conf\u00eda en que pueda ampliar su coalici\u00f3n, especialmente entre las votantes mujeres, de otras nacionalidades y j\u00f3venes, un apoyo que consideran fundamental para alcanzar el \u00e9xito en las elecciones de noviembre.<br><\/p><p>En un comunicado publicado el mi\u00e9rcoles, la jefa de campa\u00f1a de Harris, Jen O\u2019Malley destac\u00f3 la capacidad de Harris para generar entusiasmo popular. \u201cDondequiera que vaya la vicepresidenta Harris, el entusiasmo de las masas la sigue\u201d, y agreg\u00f3 que, \u201cesta ser\u00e1 una campa\u00f1a re\u00f1ida y muy disputada, pero la vicepresidenta Harris parte desde una posici\u00f3n de fortaleza y est\u00e1 destinada a ganar\u201d.<\/p><figure class=\"wp-block-image size-full\"><img loading=\"lazy\" decoding=\"async\" width=\"690\" height=\"460\" src=\"https:\/\/colombiaopina.com.co\/wp-content\/uploads\/2024\/07\/IMG_4507.jpeg\" alt=\"\" class=\"wp-image-6851\" srcset=\"https:\/\/colombiaopina.com.co\/wp-content\/uploads\/2024\/07\/IMG_4507.jpeg 690w, https:\/\/colombiaopina.com.co\/wp-content\/uploads\/2024\/07\/IMG_4507-300x200.jpeg 300w, https:\/\/colombiaopina.com.co\/wp-content\/uploads\/2024\/07\/IMG_4507-150x100.jpeg 150w, https:\/\/colombiaopina.com.co\/wp-content\/uploads\/2024\/07\/IMG_4507-600x400.jpeg 600w\" sizes=\"(max-width: 690px) 100vw, 690px\" \/><\/figure><p><br><strong>Las prioridades de Biden<\/strong><br>Apartado oficialmente de la pol\u00edtica electoral, el mandatario de Estados Unidos asegur\u00f3 que ahora sus esfuerzos estar\u00e1n centrados en terminar los seis meses que le quedan en la Casa Blanca. \u201cEso significa que continuar\u00e9 reduciendo los costos para las familias trabajadoras y har\u00e9 crecer nuestra econom\u00eda\u201d, se\u00f1al\u00f3 Biden.<br><\/p><p>El mandatario afirm\u00f3 que trabajar\u00e1 en defender las libertades personales y los derechos civiles. Tambi\u00e9n que denunciar\u00e1 el extremismo y los discursos de odio. En el escenario internacional, afirm\u00f3 que trabajar\u00e1 por poner fin a la guerra en Gaza, en fortalecer la OTAN y por detener al presidente ruso, Vladimir Putin y su ofensiva sobre Ucrania.<br><\/p><p>\u201cHa sido el privilegio de mi vida poder servirle a esta naci\u00f3n durante 50 a\u00f1os. No hubiese sido posible, en otro lugar del mundo, que, un ni\u00f1o tartamudo podr\u00eda llegar al puesto de presidente. He dado mi alma y coraz\u00f3n a este pa\u00eds\u201d, cerr\u00f3 Biden.<\/p>","protected":false},"excerpt":{"rendered":"<p>En un momento crucial para la pol\u00edtica estadounidense, el presidente Joe Biden abord\u00f3 a su naci\u00f3n en un discurso en el que detall\u00f3 los motivos detr\u00e1s de su decisi\u00f3n de retirarse de la carrera por la reelecci\u00f3n y adem\u00e1s comparti\u00f3 su visi\u00f3n para los seis meses restantes de su mandato. \u201cHay un tiempo y un [&hellip;]<\/p>\n","protected":false},"author":4,"featured_media":6850,"comment_status":"open","ping_status":"open","sticky":false,"template":"","format":"standard","meta":{"tdm_status":"","tdm_grid_status":"","_jetpack_memberships_contains_paid_content":false,"footnotes":""},"categories":[53,86],"tags":[2049,912,1990,1944],"class_list":{"0":"post-6875","1":"post","2":"type-post","3":"status-publish","4":"format-standard","5":"has-post-thumbnail","7":"category-internacional","8":"category-politica","9":"tag-democrata","10":"tag-estados-unidos","11":"tag-joe-biden","12":"tag-kamala-harris"},"jetpack_sharing_enabled":true,"jetpack_featured_media_url":"https:\/\/colombiaopina.com.co\/wp-content\/uploads\/2024\/07\/IMG_4508.jpeg","amp_enabled":true,"_links":{"self":[{"href":"https:\/\/colombiaopina.com.co\/index.php\/wp-json\/wp\/v2\/posts\/6875"}],"collection":[{"href":"https:\/\/colombiaopina.com.co\/index.php\/wp-json\/wp\/v2\/posts"}],"about":[{"href":"https:\/\/colombiaopina.com.co\/index.php\/wp-json\/wp\/v2\/types\/post"}],"author":[{"embeddable":true,"href":"https:\/\/colombiaopina.com.co\/index.php\/wp-json\/wp\/v2\/users\/4"}],"replies":[{"embeddable":true,"href":"https:\/\/colombiaopina.com.co\/index.php\/wp-json\/wp\/v2\/comments?post=6875"}],"version-history":[{"count":1,"href":"https:\/\/colombiaopina.com.co\/index.php\/wp-json\/wp\/v2\/posts\/6875\/revisions"}],"predecessor-version":[{"id":6877,"href":"https:\/\/colombiaopina.com.co\/index.php\/wp-json\/wp\/v2\/posts\/6875\/revisions\/6877"}],"wp:featuredmedia":[{"embeddable":true,"href":"https:\/\/colombiaopina.com.co\/index.php\/wp-json\/wp\/v2\/media\/6850"}],"wp:attachment":[{"href":"https:\/\/colombiaopina.com.co\/index.php\/wp-json\/wp\/v2\/media?parent=6875"}],"wp:term":[{"taxonomy":"category","embeddable":true,"href":"https:\/\/colombiaopina.com.co\/index.php\/wp-json\/wp\/v2\/categories?post=6875"},{"taxonomy":"post_tag","embeddable":true,"href":"https:\/\/colombiaopina.com.co\/index.php\/wp-json\/wp\/v2\/tags?post=6875"}],"curies":[{"name":"wp","href":"https:\/\/api.w.org\/{rel}","templated":true}]}}