{"id":6755,"date":"2024-07-22T08:25:52","date_gmt":"2024-07-22T13:25:52","guid":{"rendered":"https:\/\/colombiaopina.com.co\/?p=6755"},"modified":"2024-07-22T08:25:58","modified_gmt":"2024-07-22T13:25:58","slug":"risuenas-reacciones-en-el-congreso-tras-declaracion-de-petro-sobre-la-eficiencia-del-gobierno","status":"publish","type":"post","link":"https:\/\/colombiaopina.com.co\/index.php\/2024\/07\/22\/risuenas-reacciones-en-el-congreso-tras-declaracion-de-petro-sobre-la-eficiencia-del-gobierno\/","title":{"rendered":"Risue\u00f1as reacciones en el Congreso tras declaraci\u00f3n de Petro sobre la eficiencia del gobierno"},"content":{"rendered":"<p>En la instalaci\u00f3n de la nueva legislatura del Congreso el pasado 20 de julio, el presidente Gustavo Petro enfrent\u00f3 un momento inc\u00f3modo cuando su afirmaci\u00f3n sobre la eficiencia del gobierno desat\u00f3 risas entre los congresistas presentes. El mandatario comenz\u00f3 su discurso pidiendo disculpas por el esc\u00e1ndalo de corrupci\u00f3n en la Unidad Nacional para la Gesti\u00f3n de Riesgos y Desastres (UNGRD), que ha involucrado a varios funcionarios, incluido el ministro de Hacienda, Ricardo Bonilla.<\/p><p>Mientras defend\u00eda la gesti\u00f3n de su administraci\u00f3n, Petro afirm\u00f3: \u201cEl gobierno ha sido eficiente\u201d, lo que provoc\u00f3 risas generalizadas en el recinto. Tras una pausa, el presidente continu\u00f3 explicando que la eficiencia se refleja en el cumplimiento de los objetivos propuestos, como la reducci\u00f3n de la pobreza y la desigualdad social, metas que asegur\u00f3 haber presentado a los votantes y por las cuales recibi\u00f3 su apoyo.<\/p><p>El discurso de Petro fue interrumpido brevemente debido a las risas, pero retom\u00f3 su mensaje destacando su compromiso con los electores y su trayectoria pol\u00edtica. Sin embargo, la reacci\u00f3n del Congreso subray\u00f3 la tensi\u00f3n y el escepticismo hacia las afirmaciones del presidente.<\/p><figure class=\"wp-block-image size-full\"><img loading=\"lazy\" decoding=\"async\" width=\"480\" height=\"270\" src=\"https:\/\/colombiaopina.com.co\/wp-content\/uploads\/2024\/07\/IMG_4395.jpeg\" alt=\"\" class=\"wp-image-6727\" srcset=\"https:\/\/colombiaopina.com.co\/wp-content\/uploads\/2024\/07\/IMG_4395.jpeg 480w, https:\/\/colombiaopina.com.co\/wp-content\/uploads\/2024\/07\/IMG_4395-300x169.jpeg 300w, https:\/\/colombiaopina.com.co\/wp-content\/uploads\/2024\/07\/IMG_4395-150x84.jpeg 150w\" sizes=\"(max-width: 480px) 100vw, 480px\" \/><\/figure><p>Despu\u00e9s de la intervenci\u00f3n de Petro, varios congresistas tomaron la palabra para responder. Miguel Polo Polo, representante a la C\u00e1mara, critic\u00f3 duramente al presidente, calificando a su administraci\u00f3n como un \u201cfrente Casa de Nari\u00f1o\u201d y responsabiliz\u00e1ndolo de la violencia que afecta a la Fuerza P\u00fablica. Tambi\u00e9n mencion\u00f3 la falta de \u00e9xito en la \u201cpaz total\u201d promovida por Petro, compar\u00e1ndola ir\u00f3nicamente con su fidelidad hacia su esposa, Ver\u00f3nica Alcocer.<\/p><p>Por su parte, el senador del Centro Democr\u00e1tico, Miguel Uribe, comenz\u00f3 su discurso se\u00f1alando que Petro describ\u00eda \u201cun pa\u00eds que no existe\u201d, acusando al presidente de estar desconectado de la realidad cotidiana de los colombianos. Uribe critic\u00f3 los viajes y gastos del presidente, contrast\u00e1ndolos con las dificultades econ\u00f3micas que enfrentan las familias.<\/p><p>Este episodio en el Congreso resalta las profundas divisiones pol\u00edticas y las cr\u00edticas que enfrenta el gobierno de Petro, evidenciando el desafiante panorama legislativo que deber\u00e1 navegar en el pr\u00f3ximo a\u00f1o.<\/p>","protected":false},"excerpt":{"rendered":"<p>En la instalaci\u00f3n de la nueva legislatura del Congreso el pasado 20 de julio, el presidente Gustavo Petro enfrent\u00f3 un momento inc\u00f3modo cuando su afirmaci\u00f3n sobre la eficiencia del gobierno desat\u00f3 risas entre los congresistas presentes. El mandatario comenz\u00f3 su discurso pidiendo disculpas por el esc\u00e1ndalo de corrupci\u00f3n en la Unidad Nacional para la Gesti\u00f3n [&hellip;]<\/p>\n","protected":false},"author":4,"featured_media":6725,"comment_status":"open","ping_status":"open","sticky":false,"template":"","format":"standard","meta":{"tdm_status":"","tdm_grid_status":"","_jetpack_memberships_contains_paid_content":false,"footnotes":""},"categories":[39,46,50,103,86],"tags":[93,319,227,135,2019],"class_list":{"0":"post-6755","1":"post","2":"type-post","3":"status-publish","4":"format-standard","5":"has-post-thumbnail","7":"category-colombia","8":"category-gobierno","9":"category-opinion","10":"category-petro","11":"category-politica","12":"tag-colombia","13":"tag-congreso","14":"tag-gobierno","15":"tag-petro","16":"tag-risas"},"jetpack_sharing_enabled":true,"jetpack_featured_media_url":"https:\/\/colombiaopina.com.co\/wp-content\/uploads\/2024\/07\/IMG_4394.webp","amp_enabled":true,"_links":{"self":[{"href":"https:\/\/colombiaopina.com.co\/index.php\/wp-json\/wp\/v2\/posts\/6755"}],"collection":[{"href":"https:\/\/colombiaopina.com.co\/index.php\/wp-json\/wp\/v2\/posts"}],"about":[{"href":"https:\/\/colombiaopina.com.co\/index.php\/wp-json\/wp\/v2\/types\/post"}],"author":[{"embeddable":true,"href":"https:\/\/colombiaopina.com.co\/index.php\/wp-json\/wp\/v2\/users\/4"}],"replies":[{"embeddable":true,"href":"https:\/\/colombiaopina.com.co\/index.php\/wp-json\/wp\/v2\/comments?post=6755"}],"version-history":[{"count":1,"href":"https:\/\/colombiaopina.com.co\/index.php\/wp-json\/wp\/v2\/posts\/6755\/revisions"}],"predecessor-version":[{"id":6756,"href":"https:\/\/colombiaopina.com.co\/index.php\/wp-json\/wp\/v2\/posts\/6755\/revisions\/6756"}],"wp:featuredmedia":[{"embeddable":true,"href":"https:\/\/colombiaopina.com.co\/index.php\/wp-json\/wp\/v2\/media\/6725"}],"wp:attachment":[{"href":"https:\/\/colombiaopina.com.co\/index.php\/wp-json\/wp\/v2\/media?parent=6755"}],"wp:term":[{"taxonomy":"category","embeddable":true,"href":"https:\/\/colombiaopina.com.co\/index.php\/wp-json\/wp\/v2\/categories?post=6755"},{"taxonomy":"post_tag","embeddable":true,"href":"https:\/\/colombiaopina.com.co\/index.php\/wp-json\/wp\/v2\/tags?post=6755"}],"curies":[{"name":"wp","href":"https:\/\/api.w.org\/{rel}","templated":true}]}}