{"id":6748,"date":"2024-07-22T08:10:18","date_gmt":"2024-07-22T13:10:18","guid":{"rendered":"https:\/\/colombiaopina.com.co\/?p=6748"},"modified":"2024-07-22T08:10:23","modified_gmt":"2024-07-22T13:10:23","slug":"joe-biden-renuncia-a-buscar-la-reeleccion-presidencial-en-una-carta-emotiva","status":"publish","type":"post","link":"https:\/\/colombiaopina.com.co\/index.php\/2024\/07\/22\/joe-biden-renuncia-a-buscar-la-reeleccion-presidencial-en-una-carta-emotiva\/","title":{"rendered":"Joe Biden renuncia a buscar la reelecci\u00f3n presidencial en una carta emotiva"},"content":{"rendered":"<p>El presidente de Estados Unidos, Joe Biden, ha anunciado su decisi\u00f3n de no buscar la reelecci\u00f3n presidencial en las pr\u00f3ximas elecciones, lo que marca un giro inesperado en la pol\u00edtica estadounidense. A trav\u00e9s de una carta difundida este domingo, Biden confirm\u00f3 que no se enfrentar\u00e1 a Donald Trump ni a ning\u00fan otro candidato en la contienda electoral.<\/p><p>En su carta, Biden expres\u00f3: \u201cHa sido el mayor honor de mi vida servir como su presidente. Y aunque ha sido mi intenci\u00f3n buscar la reelecci\u00f3n, creo en el mejor inter\u00e9s de mi partido y del pa\u00eds que me retire y me centre \u00fanicamente en el cumplimiento de mis deberes como presidente durante el resto de mi mandato\u201d. Con estas palabras, el presidente aclar\u00f3 que su prioridad ser\u00e1 concluir su mandato de manera eficiente y dedicarse a sus responsabilidades actuales.<\/p><p>Biden aprovech\u00f3 la misiva para enumerar los logros de su administraci\u00f3n, destacando que Estados Unidos \u201cnunca estuvo mejor posicionado para liderar que hoy\u201d. Subray\u00f3 avances en la econom\u00eda, la reducci\u00f3n de costos de medicamentos, la expansi\u00f3n de la atenci\u00f3n m\u00e9dica, el apoyo a veteranos, la aprobaci\u00f3n de leyes de seguridad de armas y legislaci\u00f3n clim\u00e1tica, y el nombramiento de la primera mujer afroamericana en la Corte Suprema.<\/p><figure class=\"wp-block-image size-large\"><img loading=\"lazy\" decoding=\"async\" width=\"1024\" height=\"576\" src=\"https:\/\/colombiaopina.com.co\/wp-content\/uploads\/2024\/07\/IMG_4400-1024x576.jpeg\" alt=\"\" class=\"wp-image-6731\" srcset=\"https:\/\/colombiaopina.com.co\/wp-content\/uploads\/2024\/07\/IMG_4400-1024x576.jpeg 1024w, https:\/\/colombiaopina.com.co\/wp-content\/uploads\/2024\/07\/IMG_4400-300x169.jpeg 300w, https:\/\/colombiaopina.com.co\/wp-content\/uploads\/2024\/07\/IMG_4400-768x432.jpeg 768w, https:\/\/colombiaopina.com.co\/wp-content\/uploads\/2024\/07\/IMG_4400-150x84.jpeg 150w, https:\/\/colombiaopina.com.co\/wp-content\/uploads\/2024\/07\/IMG_4400-696x392.jpeg 696w, https:\/\/colombiaopina.com.co\/wp-content\/uploads\/2024\/07\/IMG_4400-1068x601.jpeg 1068w, https:\/\/colombiaopina.com.co\/wp-content\/uploads\/2024\/07\/IMG_4400-600x338.jpeg 600w, https:\/\/colombiaopina.com.co\/wp-content\/uploads\/2024\/07\/IMG_4400.jpeg 1200w\" sizes=\"(max-width: 1024px) 100vw, 1024px\" \/><\/figure><p>El presidente agradeci\u00f3 al pueblo estadounidense por su apoyo y confianza, mencionando la colaboraci\u00f3n para superar la pandemia y fortalecer la democracia. Biden tambi\u00e9n expres\u00f3 su gratitud hacia la vicepresidenta Kamala Harris por su apoyo continuo.<\/p><p>La carta concluy\u00f3 con un mensaje de unidad y esperanza: \u201cHoy creo en lo que siempre he cre\u00eddo: que no hay nada que Estados Unidos no pueda hacer, cuando lo hacemos juntos. Solo tenemos que recordar que somos los Estados Unidos de Am\u00e9rica\u201d. Biden prometi\u00f3 dar m\u00e1s detalles sobre su decisi\u00f3n en un pronunciamiento p\u00fablico a finales de la semana.<\/p><p>Esta decisi\u00f3n inesperada seguramente tendr\u00e1 un impacto significativo en el panorama pol\u00edtico estadounidense, especialmente dentro del Partido Dem\u00f3crata, que ahora deber\u00e1 buscar un nuevo candidato para las pr\u00f3ximas elecciones presidenciales.<\/p>","protected":false},"excerpt":{"rendered":"<p>El presidente de Estados Unidos, Joe Biden, ha anunciado su decisi\u00f3n de no buscar la reelecci\u00f3n presidencial en las pr\u00f3ximas elecciones, lo que marca un giro inesperado en la pol\u00edtica estadounidense. A trav\u00e9s de una carta difundida este domingo, Biden confirm\u00f3 que no se enfrentar\u00e1 a Donald Trump ni a ning\u00fan otro candidato en la [&hellip;]<\/p>\n","protected":false},"author":4,"featured_media":6730,"comment_status":"open","ping_status":"open","sticky":false,"template":"","format":"standard","meta":{"tdm_status":"","tdm_grid_status":"","_jetpack_memberships_contains_paid_content":false,"footnotes":""},"categories":[53],"tags":[912,1990,290],"class_list":{"0":"post-6748","1":"post","2":"type-post","3":"status-publish","4":"format-standard","5":"has-post-thumbnail","7":"category-internacional","8":"tag-estados-unidos","9":"tag-joe-biden","10":"tag-renuncia"},"jetpack_sharing_enabled":true,"jetpack_featured_media_url":"https:\/\/colombiaopina.com.co\/wp-content\/uploads\/2024\/07\/IMG_4399.jpeg","amp_enabled":true,"_links":{"self":[{"href":"https:\/\/colombiaopina.com.co\/index.php\/wp-json\/wp\/v2\/posts\/6748"}],"collection":[{"href":"https:\/\/colombiaopina.com.co\/index.php\/wp-json\/wp\/v2\/posts"}],"about":[{"href":"https:\/\/colombiaopina.com.co\/index.php\/wp-json\/wp\/v2\/types\/post"}],"author":[{"embeddable":true,"href":"https:\/\/colombiaopina.com.co\/index.php\/wp-json\/wp\/v2\/users\/4"}],"replies":[{"embeddable":true,"href":"https:\/\/colombiaopina.com.co\/index.php\/wp-json\/wp\/v2\/comments?post=6748"}],"version-history":[{"count":1,"href":"https:\/\/colombiaopina.com.co\/index.php\/wp-json\/wp\/v2\/posts\/6748\/revisions"}],"predecessor-version":[{"id":6749,"href":"https:\/\/colombiaopina.com.co\/index.php\/wp-json\/wp\/v2\/posts\/6748\/revisions\/6749"}],"wp:featuredmedia":[{"embeddable":true,"href":"https:\/\/colombiaopina.com.co\/index.php\/wp-json\/wp\/v2\/media\/6730"}],"wp:attachment":[{"href":"https:\/\/colombiaopina.com.co\/index.php\/wp-json\/wp\/v2\/media?parent=6748"}],"wp:term":[{"taxonomy":"category","embeddable":true,"href":"https:\/\/colombiaopina.com.co\/index.php\/wp-json\/wp\/v2\/categories?post=6748"},{"taxonomy":"post_tag","embeddable":true,"href":"https:\/\/colombiaopina.com.co\/index.php\/wp-json\/wp\/v2\/tags?post=6748"}],"curies":[{"name":"wp","href":"https:\/\/api.w.org\/{rel}","templated":true}]}}