{"id":6741,"date":"2024-07-22T08:01:07","date_gmt":"2024-07-22T13:01:07","guid":{"rendered":"https:\/\/colombiaopina.com.co\/?p=6741"},"modified":"2024-07-22T08:01:13","modified_gmt":"2024-07-22T13:01:13","slug":"republicanos-piden-la-renuncia-inmediata-de-biden-tras-su-retirada-de-la-carrera-presidencial","status":"publish","type":"post","link":"https:\/\/colombiaopina.com.co\/index.php\/2024\/07\/22\/republicanos-piden-la-renuncia-inmediata-de-biden-tras-su-retirada-de-la-carrera-presidencial\/","title":{"rendered":"Republicanos piden la renuncia \u00abinmediata\u00bb de Biden tras su retirada de la carrera presidencial"},"content":{"rendered":"<p>Tras el anuncio del presidente Joe Biden de no buscar la reelecci\u00f3n presidencial, los l\u00edderes republicanos han intensificado sus llamados para que el mandatario dimita de inmediato. Argumentan que si Biden no es apto para postularse nuevamente, tampoco deber\u00eda seguir gobernando el pa\u00eds.<\/p><p>Encabezados por el presidente de la C\u00e1mara de Representantes, Mike Johnson, prominentes figuras republicanas expresaron su deseo de ver a Biden fuera de la presidencia. Johnson escribi\u00f3 en su cuenta de X: \u201cSi Joe Biden no es apto para postularse a la presidencia, no es apto para servir como presidente; debe renunciar a su cargo de inmediato\u201d. Adem\u00e1s, atac\u00f3 a la vicepresidenta Kamala Harris, acus\u00e1ndola de ser c\u00f3mplice en encubrir el \u00abdeclive mental\u00bb de Biden.<\/p><p>Steve Scalise, n\u00famero dos de los republicanos en la C\u00e1mara Baja, tambi\u00e9n se\u00f1al\u00f3 que \u201ctodos\u201d los funcionarios del gobierno de Biden deben rendir cuentas, acusando a Harris de participar en lo que describi\u00f3 como un encubrimiento del estado de salud del presidente.<\/p><p>Elise Stefanik, presidenta de la Conferencia Republicana, comparti\u00f3 la misma opini\u00f3n, afirmando que \u201cBiden debe renunciar de inmediato\u201d y criticando al Partido Dem\u00f3crata por intentar ocultar la supuesta incapacidad de Biden.<\/p><figure class=\"wp-block-image size-full\"><img loading=\"lazy\" decoding=\"async\" width=\"650\" height=\"488\" src=\"https:\/\/colombiaopina.com.co\/wp-content\/uploads\/2024\/07\/IMG_4403.jpeg\" alt=\"\" class=\"wp-image-6734\" srcset=\"https:\/\/colombiaopina.com.co\/wp-content\/uploads\/2024\/07\/IMG_4403.jpeg 650w, https:\/\/colombiaopina.com.co\/wp-content\/uploads\/2024\/07\/IMG_4403-300x225.jpeg 300w, https:\/\/colombiaopina.com.co\/wp-content\/uploads\/2024\/07\/IMG_4403-150x113.jpeg 150w, https:\/\/colombiaopina.com.co\/wp-content\/uploads\/2024\/07\/IMG_4403-265x198.jpeg 265w, https:\/\/colombiaopina.com.co\/wp-content\/uploads\/2024\/07\/IMG_4403-600x450.jpeg 600w\" sizes=\"(max-width: 650px) 100vw, 650px\" \/><\/figure><p>El \u00fanico l\u00edder republicano que no replic\u00f3 esta demanda fue Mitch McConnell, l\u00edder de la minor\u00eda en el Senado, quien ha mantenido una relaci\u00f3n cercana con Biden. En un comunicado, McConnell critic\u00f3 a los dem\u00f3cratas por sus esfuerzos para deshacerse de Biden como candidato.<\/p><p>El gobernador de Texas, Greg Abbott, critic\u00f3 directamente a Harris por su gesti\u00f3n de la pol\u00edtica migratoria del gobierno de Biden, llam\u00e1ndola la \u201cencargada de la frontera\u201d y cuestionando su competencia en el manejo de la migraci\u00f3n.<\/p><p>La renuncia de Biden a la contienda presidencial, anunciada en una carta publicada en X, ha desencadenado una ola de cr\u00edticas y demandas de renuncia inmediata por parte de los republicanos, intensificando las tensiones pol\u00edticas en Estados Unidos.<\/p>","protected":false},"excerpt":{"rendered":"<p>Tras el anuncio del presidente Joe Biden de no buscar la reelecci\u00f3n presidencial, los l\u00edderes republicanos han intensificado sus llamados para que el mandatario dimita de inmediato. Argumentan que si Biden no es apto para postularse nuevamente, tampoco deber\u00eda seguir gobernando el pa\u00eds. Encabezados por el presidente de la C\u00e1mara de Representantes, Mike Johnson, prominentes [&hellip;]<\/p>\n","protected":false},"author":4,"featured_media":6742,"comment_status":"open","ping_status":"open","sticky":false,"template":"","format":"standard","meta":{"tdm_status":"","tdm_grid_status":"","_jetpack_memberships_contains_paid_content":false,"footnotes":""},"categories":[53,86],"tags":[912,1990,2006],"class_list":{"0":"post-6741","1":"post","2":"type-post","3":"status-publish","4":"format-standard","5":"has-post-thumbnail","7":"category-internacional","8":"category-politica","9":"tag-estados-unidos","10":"tag-joe-biden","11":"tag-partido-republicano"},"jetpack_sharing_enabled":true,"jetpack_featured_media_url":"https:\/\/colombiaopina.com.co\/wp-content\/uploads\/2024\/07\/biden-errores-RadWVujVg8KyzdDVwiY7IeP-1200x840@diario_abc.webp","amp_enabled":true,"_links":{"self":[{"href":"https:\/\/colombiaopina.com.co\/index.php\/wp-json\/wp\/v2\/posts\/6741"}],"collection":[{"href":"https:\/\/colombiaopina.com.co\/index.php\/wp-json\/wp\/v2\/posts"}],"about":[{"href":"https:\/\/colombiaopina.com.co\/index.php\/wp-json\/wp\/v2\/types\/post"}],"author":[{"embeddable":true,"href":"https:\/\/colombiaopina.com.co\/index.php\/wp-json\/wp\/v2\/users\/4"}],"replies":[{"embeddable":true,"href":"https:\/\/colombiaopina.com.co\/index.php\/wp-json\/wp\/v2\/comments?post=6741"}],"version-history":[{"count":1,"href":"https:\/\/colombiaopina.com.co\/index.php\/wp-json\/wp\/v2\/posts\/6741\/revisions"}],"predecessor-version":[{"id":6743,"href":"https:\/\/colombiaopina.com.co\/index.php\/wp-json\/wp\/v2\/posts\/6741\/revisions\/6743"}],"wp:featuredmedia":[{"embeddable":true,"href":"https:\/\/colombiaopina.com.co\/index.php\/wp-json\/wp\/v2\/media\/6742"}],"wp:attachment":[{"href":"https:\/\/colombiaopina.com.co\/index.php\/wp-json\/wp\/v2\/media?parent=6741"}],"wp:term":[{"taxonomy":"category","embeddable":true,"href":"https:\/\/colombiaopina.com.co\/index.php\/wp-json\/wp\/v2\/categories?post=6741"},{"taxonomy":"post_tag","embeddable":true,"href":"https:\/\/colombiaopina.com.co\/index.php\/wp-json\/wp\/v2\/tags?post=6741"}],"curies":[{"name":"wp","href":"https:\/\/api.w.org\/{rel}","templated":true}]}}