{"id":6726,"date":"2024-07-22T07:54:49","date_gmt":"2024-07-22T12:54:49","guid":{"rendered":"https:\/\/colombiaopina.com.co\/?p=6726"},"modified":"2024-07-22T07:54:54","modified_gmt":"2024-07-22T12:54:54","slug":"papa-francisco-acepta-renuncia-del-obispo-oscar-augusto-munera-ochoa-acusado-de-abuso-sexual","status":"publish","type":"post","link":"https:\/\/colombiaopina.com.co\/index.php\/2024\/07\/22\/papa-francisco-acepta-renuncia-del-obispo-oscar-augusto-munera-ochoa-acusado-de-abuso-sexual\/","title":{"rendered":"Papa Francisco acepta renuncia del obispo \u00d3scar Augusto M\u00fanera Ochoa, acusado de abuso sexual"},"content":{"rendered":"<p>El papa Francisco ha aceptado la renuncia del obispo colombiano \u00d3scar Augusto M\u00fanera Ochoa del Vicariato Apost\u00f3lico de Tierradentro, C\u00f3rdoba, seg\u00fan confirm\u00f3 la Oficina de Prensa de la Santa Sede. M\u00fanera, de 62 a\u00f1os, enfrenta acusaciones de abuso sexual que datan de hace 20 a\u00f1os, seg\u00fan el libro &#8216;El archivo secreto&#8217; escrito por Juan Pablo Barrientos y Miguel \u00c1ngel Estupi\u00f1\u00e1n. El libro lista a 569 sacerdotes denunciados por abuso sexual en los \u00faltimos veinte a\u00f1os.<\/p><p>La Conferencia Episcopal de Colombia emiti\u00f3 un breve comunicado confirmando la renuncia del obispo, sin proporcionar detalles adicionales: \u201cCon fecha del 20 de julio de 2024, la Oficina de Prensa de la Santa Sede Apost\u00f3lica ha informado que el Santo Padre Francisco acept\u00f3 la renuncia presentada por S.E. Monse\u00f1or \u00d3scar Augusto M\u00fanera Ochoa al gobierno pastoral del Vicariato Apost\u00f3lico de Tierradentro, encargo que ven\u00eda desempe\u00f1ando desde el a\u00f1o 2015\u201d.<\/p><p>El caso de M\u00fanera fue presuntamente encubierto por altos mandos eclesi\u00e1sticos, incluidos Jairo Jaramillo, exobispo de Santa Rosa de Osos, y los arzobispos Omar S\u00e1nchez y Luis Jos\u00e9 Rueda de Popay\u00e1n y Bogot\u00e1, respectivamente. Juan Pablo Barrientos, coautor del libro que destap\u00f3 las denuncias, calific\u00f3 la dimisi\u00f3n de M\u00fanera como \u00abuna peque\u00f1a victoria para el superviviente\u00bb, quien ha denunciado amenazas de muerte.<\/p><figure class=\"wp-block-image size-full\"><img loading=\"lazy\" decoding=\"async\" width=\"768\" height=\"432\" src=\"https:\/\/colombiaopina.com.co\/wp-content\/uploads\/2024\/07\/IMG_4406.png\" alt=\"\" class=\"wp-image-6737\" srcset=\"https:\/\/colombiaopina.com.co\/wp-content\/uploads\/2024\/07\/IMG_4406.png 768w, https:\/\/colombiaopina.com.co\/wp-content\/uploads\/2024\/07\/IMG_4406-300x169.png 300w, https:\/\/colombiaopina.com.co\/wp-content\/uploads\/2024\/07\/IMG_4406-150x84.png 150w, https:\/\/colombiaopina.com.co\/wp-content\/uploads\/2024\/07\/IMG_4406-696x392.png 696w, https:\/\/colombiaopina.com.co\/wp-content\/uploads\/2024\/07\/IMG_4406-600x338.png 600w\" sizes=\"(max-width: 768px) 100vw, 768px\" \/><\/figure><p>La renuncia de M\u00fanera Ochoa ha suscitado especulaciones debido a que no cumple con la edad can\u00f3nica de jubilaci\u00f3n (75 a\u00f1os) ni presenta problemas de salud, lo que sugiere una conexi\u00f3n directa con las denuncias en su contra. La Conferencia Episcopal, sin embargo, no confirm\u00f3 esta relaci\u00f3n en su comunicado.<\/p><p>M\u00fanera Ochoa, nacido el 27 de mayo de 1962 en San Pedro de los Milagros, Antioquia, fue ordenado sacerdote el 22 de noviembre de 1988. Se desempe\u00f1aba como obispo de Tierradentro desde 2015, despu\u00e9s de ser nombrado por el papa Francisco en reemplazo de Edgar Hernando Tirado Mazo, quien renunci\u00f3 por alcanzar el l\u00edmite de edad.<\/p><p>Este caso resalta la continua lucha dentro de la Iglesia Cat\u00f3lica para abordar las denuncias de abuso sexual y la necesidad de transparencia y justicia para las v\u00edctimas.<\/p>","protected":false},"excerpt":{"rendered":"<p>El papa Francisco ha aceptado la renuncia del obispo colombiano \u00d3scar Augusto M\u00fanera Ochoa del Vicariato Apost\u00f3lico de Tierradentro, C\u00f3rdoba, seg\u00fan confirm\u00f3 la Oficina de Prensa de la Santa Sede. M\u00fanera, de 62 a\u00f1os, enfrenta acusaciones de abuso sexual que datan de hace 20 a\u00f1os, seg\u00fan el libro &#8216;El archivo secreto&#8217; escrito por Juan Pablo [&hellip;]<\/p>\n","protected":false},"author":4,"featured_media":6736,"comment_status":"open","ping_status":"open","sticky":false,"template":"","format":"standard","meta":{"tdm_status":"","tdm_grid_status":"","_jetpack_memberships_contains_paid_content":false,"footnotes":""},"categories":[39,53,50],"tags":[993,93,2015,2014],"class_list":{"0":"post-6726","1":"post","2":"type-post","3":"status-publish","4":"format-standard","5":"has-post-thumbnail","7":"category-colombia","8":"category-internacional","9":"category-opinion","10":"tag-abuso-sexual","11":"tag-colombia","12":"tag-obispo","13":"tag-papa-francisco"},"jetpack_sharing_enabled":true,"jetpack_featured_media_url":"https:\/\/colombiaopina.com.co\/wp-content\/uploads\/2024\/07\/IMG_4405.jpeg","amp_enabled":true,"_links":{"self":[{"href":"https:\/\/colombiaopina.com.co\/index.php\/wp-json\/wp\/v2\/posts\/6726"}],"collection":[{"href":"https:\/\/colombiaopina.com.co\/index.php\/wp-json\/wp\/v2\/posts"}],"about":[{"href":"https:\/\/colombiaopina.com.co\/index.php\/wp-json\/wp\/v2\/types\/post"}],"author":[{"embeddable":true,"href":"https:\/\/colombiaopina.com.co\/index.php\/wp-json\/wp\/v2\/users\/4"}],"replies":[{"embeddable":true,"href":"https:\/\/colombiaopina.com.co\/index.php\/wp-json\/wp\/v2\/comments?post=6726"}],"version-history":[{"count":1,"href":"https:\/\/colombiaopina.com.co\/index.php\/wp-json\/wp\/v2\/posts\/6726\/revisions"}],"predecessor-version":[{"id":6740,"href":"https:\/\/colombiaopina.com.co\/index.php\/wp-json\/wp\/v2\/posts\/6726\/revisions\/6740"}],"wp:featuredmedia":[{"embeddable":true,"href":"https:\/\/colombiaopina.com.co\/index.php\/wp-json\/wp\/v2\/media\/6736"}],"wp:attachment":[{"href":"https:\/\/colombiaopina.com.co\/index.php\/wp-json\/wp\/v2\/media?parent=6726"}],"wp:term":[{"taxonomy":"category","embeddable":true,"href":"https:\/\/colombiaopina.com.co\/index.php\/wp-json\/wp\/v2\/categories?post=6726"},{"taxonomy":"post_tag","embeddable":true,"href":"https:\/\/colombiaopina.com.co\/index.php\/wp-json\/wp\/v2\/tags?post=6726"}],"curies":[{"name":"wp","href":"https:\/\/api.w.org\/{rel}","templated":true}]}}