{"id":6688,"date":"2024-07-19T10:37:09","date_gmt":"2024-07-19T15:37:09","guid":{"rendered":"https:\/\/colombiaopina.com.co\/?p=6688"},"modified":"2024-07-19T10:37:14","modified_gmt":"2024-07-19T15:37:14","slug":"petro-advierte-cambios-en-el-mercado-inmobiliario-por-especulacion-en-precios-de-arriendos","status":"publish","type":"post","link":"https:\/\/colombiaopina.com.co\/index.php\/2024\/07\/19\/petro-advierte-cambios-en-el-mercado-inmobiliario-por-especulacion-en-precios-de-arriendos\/","title":{"rendered":"Petro advierte cambios en el mercado inmobiliario por especulaci\u00f3n en precios de arriendos"},"content":{"rendered":"<p>El presidente Gustavo Petro ha se\u00f1alado que podr\u00eda impulsar cambios en el mercado inmobiliario si persiste la especulaci\u00f3n en los precios de los arriendos. Durante su discurso en la sanci\u00f3n de la reforma pensional, Petro mencion\u00f3 que \u201clos arrendadores est\u00e1n cobrando m\u00e1s por el arriendo que lo que crecen los precios\u201d y afirm\u00f3 que \u201cse est\u00e1 especulando con la propiedad inmobiliaria\u201d. Esta declaraci\u00f3n resalta la preocupaci\u00f3n del gobierno por el incremento desproporcionado en los costos de arrendamiento, en comparaci\u00f3n con la inflaci\u00f3n y otros indicadores econ\u00f3micos.<br><\/p><p>Desde el inicio de su gobierno, Petro ha insistido en que los precios de los arriendos, la energ\u00eda, el transporte y la comida no deber\u00edan aumentar por encima del 13%. Para lograr este l\u00edmite, el mandatario ha sugerido que podr\u00edan implementarse medidas para controlar los precios de estos bienes y servicios esenciales.<br><\/p><p>Sin embargo, esta postura ha generado reacciones contrarias. Jos\u00e9 Manuel Restrepo, exministro de Hacienda y rector de la Universidad EIA, critic\u00f3 la posible intervenci\u00f3n del gobierno en el mercado inmobiliario, calific\u00e1ndola como \u201cla peor decisi\u00f3n\u201d. Restrepo argument\u00f3 que tal intervenci\u00f3n podr\u00eda generar un aumento en los costos, escasez de acceso a los productos y desorden en la din\u00e1mica del mercado. Adem\u00e1s, destac\u00f3 que el incremento en los arriendos est\u00e1 relacionado con el aumento de los salarios y los precios de la inflaci\u00f3n, sugiriendo que la mejor soluci\u00f3n ser\u00eda no incrementar tanto los salarios y controlar la inflaci\u00f3n.<br><\/p><figure class=\"wp-block-image size-large\"><img loading=\"lazy\" decoding=\"async\" width=\"1024\" height=\"512\" src=\"https:\/\/colombiaopina.com.co\/wp-content\/uploads\/2024\/07\/IMG_4344-1024x512.jpeg\" alt=\"\" class=\"wp-image-6666\" srcset=\"https:\/\/colombiaopina.com.co\/wp-content\/uploads\/2024\/07\/IMG_4344-1024x512.jpeg 1024w, https:\/\/colombiaopina.com.co\/wp-content\/uploads\/2024\/07\/IMG_4344-300x150.jpeg 300w, https:\/\/colombiaopina.com.co\/wp-content\/uploads\/2024\/07\/IMG_4344-768x384.jpeg 768w, https:\/\/colombiaopina.com.co\/wp-content\/uploads\/2024\/07\/IMG_4344-150x75.jpeg 150w, https:\/\/colombiaopina.com.co\/wp-content\/uploads\/2024\/07\/IMG_4344-696x348.jpeg 696w, https:\/\/colombiaopina.com.co\/wp-content\/uploads\/2024\/07\/IMG_4344-1068x534.jpeg 1068w, https:\/\/colombiaopina.com.co\/wp-content\/uploads\/2024\/07\/IMG_4344-600x300.jpeg 600w, https:\/\/colombiaopina.com.co\/wp-content\/uploads\/2024\/07\/IMG_4344.jpeg 1200w\" sizes=\"(max-width: 1024px) 100vw, 1024px\" \/><\/figure><p>Adri\u00e1n Garlati, economista y profesor de la Universidad Javeriana, tambi\u00e9n expres\u00f3 sus reservas, se\u00f1alando que muchos contratos de arriendo son informales y, por tanto, no seguir\u00edan las regulaciones del gobierno. Garlati explic\u00f3 que el aumento en los arriendos es una consecuencia l\u00f3gica de la inflaci\u00f3n y que es normal que los precios suban en este contexto.<br><\/p><p>Aunque el presidente Petro no hizo una referencia expl\u00edcita a una intervenci\u00f3n directa en su discurso, s\u00ed dej\u00f3 claro que el gobierno podr\u00eda considerar cambios si la especulaci\u00f3n en los precios contin\u00faa. Esta posibilidad ha generado un debate sobre las implicaciones de tal intervenci\u00f3n y su impacto en el mercado inmobiliario y la econom\u00eda en general.<br><\/p><p>La situaci\u00f3n actual subraya la necesidad de un equilibrio entre la regulaci\u00f3n gubernamental y la din\u00e1mica del mercado para proteger tanto a los inquilinos como a los propietarios, garantizando al mismo tiempo la estabilidad econ\u00f3mica.<\/p>","protected":false},"excerpt":{"rendered":"<p>El presidente Gustavo Petro ha se\u00f1alado que podr\u00eda impulsar cambios en el mercado inmobiliario si persiste la especulaci\u00f3n en los precios de los arriendos. Durante su discurso en la sanci\u00f3n de la reforma pensional, Petro mencion\u00f3 que \u201clos arrendadores est\u00e1n cobrando m\u00e1s por el arriendo que lo que crecen los precios\u201d y afirm\u00f3 que \u201cse [&hellip;]<\/p>\n","protected":false},"author":4,"featured_media":6667,"comment_status":"open","ping_status":"open","sticky":false,"template":"","format":"standard","meta":{"tdm_status":"","tdm_grid_status":"","_jetpack_memberships_contains_paid_content":false,"footnotes":""},"categories":[39,89,46,103,86],"tags":[2005,93,227,135],"class_list":{"0":"post-6688","1":"post","2":"type-post","3":"status-publish","4":"format-standard","5":"has-post-thumbnail","7":"category-colombia","8":"category-economia","9":"category-gobierno","10":"category-petro","11":"category-politica","12":"tag-arriendos","13":"tag-colombia","14":"tag-gobierno","15":"tag-petro"},"jetpack_sharing_enabled":true,"jetpack_featured_media_url":"https:\/\/colombiaopina.com.co\/wp-content\/uploads\/2024\/07\/IMG_4345.jpeg","amp_enabled":true,"_links":{"self":[{"href":"https:\/\/colombiaopina.com.co\/index.php\/wp-json\/wp\/v2\/posts\/6688"}],"collection":[{"href":"https:\/\/colombiaopina.com.co\/index.php\/wp-json\/wp\/v2\/posts"}],"about":[{"href":"https:\/\/colombiaopina.com.co\/index.php\/wp-json\/wp\/v2\/types\/post"}],"author":[{"embeddable":true,"href":"https:\/\/colombiaopina.com.co\/index.php\/wp-json\/wp\/v2\/users\/4"}],"replies":[{"embeddable":true,"href":"https:\/\/colombiaopina.com.co\/index.php\/wp-json\/wp\/v2\/comments?post=6688"}],"version-history":[{"count":1,"href":"https:\/\/colombiaopina.com.co\/index.php\/wp-json\/wp\/v2\/posts\/6688\/revisions"}],"predecessor-version":[{"id":6689,"href":"https:\/\/colombiaopina.com.co\/index.php\/wp-json\/wp\/v2\/posts\/6688\/revisions\/6689"}],"wp:featuredmedia":[{"embeddable":true,"href":"https:\/\/colombiaopina.com.co\/index.php\/wp-json\/wp\/v2\/media\/6667"}],"wp:attachment":[{"href":"https:\/\/colombiaopina.com.co\/index.php\/wp-json\/wp\/v2\/media?parent=6688"}],"wp:term":[{"taxonomy":"category","embeddable":true,"href":"https:\/\/colombiaopina.com.co\/index.php\/wp-json\/wp\/v2\/categories?post=6688"},{"taxonomy":"post_tag","embeddable":true,"href":"https:\/\/colombiaopina.com.co\/index.php\/wp-json\/wp\/v2\/tags?post=6688"}],"curies":[{"name":"wp","href":"https:\/\/api.w.org\/{rel}","templated":true}]}}