{"id":6200,"date":"2024-07-10T11:02:52","date_gmt":"2024-07-10T16:02:52","guid":{"rendered":"https:\/\/colombiaopina.com.co\/?p=6200"},"modified":"2024-07-10T11:02:57","modified_gmt":"2024-07-10T16:02:57","slug":"petro-revela-alarmante-panorama-economico-drastica-reduccion-de-inversion-publica-para-2025","status":"publish","type":"post","link":"https:\/\/colombiaopina.com.co\/index.php\/2024\/07\/10\/petro-revela-alarmante-panorama-economico-drastica-reduccion-de-inversion-publica-para-2025\/","title":{"rendered":"Petro revela alarmante panorama econ\u00f3mico: dr\u00e1stica reducci\u00f3n de inversi\u00f3n p\u00fablica para 2025"},"content":{"rendered":"<p>El presidente Gustavo Petro advirti\u00f3 este martes 9 de julio que Colombia enfrentar\u00e1 un duro panorama econ\u00f3mico en 2025, con una significativa reducci\u00f3n de la inversi\u00f3n p\u00fablica. Seg\u00fan el mandatario, el presupuesto destinado a inversi\u00f3n p\u00fablica pasar\u00e1 de 96 billones de pesos a 57 billones de pesos el pr\u00f3ximo a\u00f1o, debido a la necesidad de pagar la deuda adquirida durante la pandemia de covid-19.<br><\/p><p>Petro expres\u00f3 su tristeza ante esta situaci\u00f3n, se\u00f1alando que el sobreendeudamiento del pa\u00eds para enfrentar la crisis sanitaria fue una medida equivocada. \u201cYo hubiera preferido otro tipo de pol\u00edtica que no fuera el endeudamiento, tal como lo hizo Estados Unidos, que opt\u00f3 por la emisi\u00f3n de moneda. Pero en Colombia hay demasiado fundamentalismo econ\u00f3mico y se considera que la emisi\u00f3n es sat\u00e1nica\u201d, coment\u00f3 el presidente.<br><\/p><p>El mandatario critic\u00f3 la pol\u00edtica econ\u00f3mica del anterior gobierno de Iv\u00e1n Duque y explic\u00f3 que la deuda adquirida durante la pandemia debe pagarse en los pr\u00f3ximos dos a\u00f1os. \u201cEsta deuda hay que pagarla en estos dos a\u00f1os, 5,600 millones de d\u00f3lares este a\u00f1o y el a\u00f1o entrante. Al mismo tiempo, enfrentamos un crecimiento de la tasa de inter\u00e9s real tanto fuera como dentro de Colombia\u201d, detall\u00f3 Petro.<br><\/p><p>Ante este escenario, Petro indic\u00f3 que la disminuci\u00f3n de la inversi\u00f3n p\u00fablica es inevitable, pero que su gobierno buscar\u00e1 alternativas para mitigar los efectos negativos. \u201cTenemos que disminuir la inversi\u00f3n p\u00fablica de 96 billones de pesos de este a\u00f1o a 57 billones de pesos el a\u00f1o entrante para pagar deuda. Es triste, pero es nuestra realidad econ\u00f3mica. Presentaremos esto al Congreso el 20 de julio y buscaremos soluciones en el frente internacional financiero\u201d, afirm\u00f3.<br><\/p><figure class=\"wp-block-image size-large\"><img loading=\"lazy\" decoding=\"async\" width=\"1024\" height=\"682\" src=\"https:\/\/colombiaopina.com.co\/wp-content\/uploads\/2024\/07\/2025-1024x682.avif\" alt=\"\" class=\"wp-image-6202\" srcset=\"https:\/\/colombiaopina.com.co\/wp-content\/uploads\/2024\/07\/2025-1024x682.avif 1024w, https:\/\/colombiaopina.com.co\/wp-content\/uploads\/2024\/07\/2025-300x200.avif 300w, https:\/\/colombiaopina.com.co\/wp-content\/uploads\/2024\/07\/2025-768x512.avif 768w, https:\/\/colombiaopina.com.co\/wp-content\/uploads\/2024\/07\/2025-150x100.avif 150w, https:\/\/colombiaopina.com.co\/wp-content\/uploads\/2024\/07\/2025-696x464.avif 696w, https:\/\/colombiaopina.com.co\/wp-content\/uploads\/2024\/07\/2025-1068x712.avif 1068w, https:\/\/colombiaopina.com.co\/wp-content\/uploads\/2024\/07\/2025-600x400.avif 600w, https:\/\/colombiaopina.com.co\/wp-content\/uploads\/2024\/07\/2025.avif 1280w\" sizes=\"(max-width: 1024px) 100vw, 1024px\" \/><\/figure><p><strong>Estrategia de reactivaci\u00f3n econ\u00f3mica<\/strong><br>A pesar del panorama adverso, el Gobierno present\u00f3 el lunes 8 de julio una estrategia de reactivaci\u00f3n econ\u00f3mica y generaci\u00f3n de empleo sostenible ante el sector privado. La estrategia, que se centra en siete ejes tem\u00e1ticos: industria, turismo, energ\u00eda, conectividad digital, v\u00edas, agro y vivienda, fue bien recibida por los representantes del sector productivo.<br><\/p><p>La presentaci\u00f3n, liderada por Alexander L\u00f3pez, director de Planeaci\u00f3n Nacional, junto con el ministro de Comercio, Industria y Turismo, Luis Carlos Reyes, y la directora del Dapre, Laura Sarabia, destac\u00f3 la necesidad de cooperaci\u00f3n entre el gobierno y el sector privado para superar las dificultades econ\u00f3micas. \u201cNo queremos imponer absolutamente nada\u201d, subray\u00f3 L\u00f3pez.<br><\/p><p>El plan incluye financiaci\u00f3n y modernizaci\u00f3n tecnol\u00f3gica para pymes, incentivos a las exportaciones, promoci\u00f3n de destinos tur\u00edsticos, desarrollo de comunidades energ\u00e9ticas, electrificaci\u00f3n del transporte y modernizaci\u00f3n de electrodom\u00e9sticos para los estratos de menores ingresos, as\u00ed como la aceleraci\u00f3n de obras de infraestructura y puertos.<br>Reacciones del sector privado<br><\/p><p>Durante la cumbre, l\u00edderes gremiales como Jorge Enrique Bedoya, presidente de la SAC; Alejandro Casta\u00f1eda, presidente de Andeg; Jonathan Malag\u00f3n, presidente de Asobancaria; y Guillermo Herrera, presidente de Camacol, manifestaron sus preocupaciones y expresaron su disposici\u00f3n para trabajar conjuntamente con el gobierno.<br><\/p><p>\u201cMuy importante que el Gobierno y el sector productivo se articulen para sacar este pa\u00eds adelante. 50 millones de colombianos est\u00e1n esperando que dialoguemos a pesar de las diferencias. Hemos logrado un di\u00e1logo constructivo y hemos presentado una propuesta de reactivaci\u00f3n econ\u00f3mica para cerrar brechas, superar la pobreza y atender a las poblaciones excluidas del pa\u00eds\u201d, concluy\u00f3 L\u00f3pez.<br><\/p><p>El presidente Petro y su equipo econ\u00f3mico enfrentar\u00e1n un gran desaf\u00edo en los pr\u00f3ximos a\u00f1os, buscando equilibrar la necesidad de pagar la deuda con la urgencia de mantener y fomentar la inversi\u00f3n p\u00fablica y privada para asegurar el crecimiento y la estabilidad econ\u00f3mica del pa\u00eds.<\/p>","protected":false},"excerpt":{"rendered":"<p>El presidente Gustavo Petro advirti\u00f3 este martes 9 de julio que Colombia enfrentar\u00e1 un duro panorama econ\u00f3mico en 2025, con una significativa reducci\u00f3n de la inversi\u00f3n p\u00fablica. Seg\u00fan el mandatario, el presupuesto destinado a inversi\u00f3n p\u00fablica pasar\u00e1 de 96 billones de pesos a 57 billones de pesos el pr\u00f3ximo a\u00f1o, debido a la necesidad de [&hellip;]<\/p>\n","protected":false},"author":4,"featured_media":6201,"comment_status":"open","ping_status":"open","sticky":false,"template":"","format":"standard","meta":{"tdm_status":"","tdm_grid_status":"","_jetpack_memberships_contains_paid_content":false,"footnotes":""},"categories":[39,89,46,84,50,103,86],"tags":[93,541,227,1929,135],"class_list":{"0":"post-6200","1":"post","2":"type-post","3":"status-publish","4":"format-standard","5":"has-post-thumbnail","7":"category-colombia","8":"category-economia","9":"category-gobierno","10":"category-obras","11":"category-opinion","12":"category-petro","13":"category-politica","14":"tag-colombia","15":"tag-economia","16":"tag-gobierno","17":"tag-inversion-publica","18":"tag-petro"},"jetpack_sharing_enabled":true,"jetpack_featured_media_url":"https:\/\/colombiaopina.com.co\/wp-content\/uploads\/2024\/07\/2025.jpeg","amp_enabled":true,"_links":{"self":[{"href":"https:\/\/colombiaopina.com.co\/index.php\/wp-json\/wp\/v2\/posts\/6200"}],"collection":[{"href":"https:\/\/colombiaopina.com.co\/index.php\/wp-json\/wp\/v2\/posts"}],"about":[{"href":"https:\/\/colombiaopina.com.co\/index.php\/wp-json\/wp\/v2\/types\/post"}],"author":[{"embeddable":true,"href":"https:\/\/colombiaopina.com.co\/index.php\/wp-json\/wp\/v2\/users\/4"}],"replies":[{"embeddable":true,"href":"https:\/\/colombiaopina.com.co\/index.php\/wp-json\/wp\/v2\/comments?post=6200"}],"version-history":[{"count":1,"href":"https:\/\/colombiaopina.com.co\/index.php\/wp-json\/wp\/v2\/posts\/6200\/revisions"}],"predecessor-version":[{"id":6203,"href":"https:\/\/colombiaopina.com.co\/index.php\/wp-json\/wp\/v2\/posts\/6200\/revisions\/6203"}],"wp:featuredmedia":[{"embeddable":true,"href":"https:\/\/colombiaopina.com.co\/index.php\/wp-json\/wp\/v2\/media\/6201"}],"wp:attachment":[{"href":"https:\/\/colombiaopina.com.co\/index.php\/wp-json\/wp\/v2\/media?parent=6200"}],"wp:term":[{"taxonomy":"category","embeddable":true,"href":"https:\/\/colombiaopina.com.co\/index.php\/wp-json\/wp\/v2\/categories?post=6200"},{"taxonomy":"post_tag","embeddable":true,"href":"https:\/\/colombiaopina.com.co\/index.php\/wp-json\/wp\/v2\/tags?post=6200"}],"curies":[{"name":"wp","href":"https:\/\/api.w.org\/{rel}","templated":true}]}}