{"id":6171,"date":"2024-07-09T10:51:02","date_gmt":"2024-07-09T15:51:02","guid":{"rendered":"https:\/\/colombiaopina.com.co\/?p=6171"},"modified":"2024-07-09T10:51:08","modified_gmt":"2024-07-09T15:51:08","slug":"mesa-directiva-de-la-camara-aclara-que-presidente-no-tiene-competencia-para-contratar","status":"publish","type":"post","link":"https:\/\/colombiaopina.com.co\/index.php\/2024\/07\/09\/mesa-directiva-de-la-camara-aclara-que-presidente-no-tiene-competencia-para-contratar\/","title":{"rendered":"Mesa directiva de la C\u00e1mara aclara que presidente no tiene competencia para contratar"},"content":{"rendered":"<p><strong>La Direcci\u00f3n Administrativa de la C\u00e1mara de Representantes es la \u00fanica autorizada para suscribir contratos, afirma la mesa directiva.<\/strong><\/p><p>En medio de la controversia por la firma de dos contratos por m\u00e1s de $70 mil millones de pesos destinados a la renovaci\u00f3n de instalaciones y equipos tecnol\u00f3gicos en la C\u00e1mara de Representantes, la mesa directiva de la corporaci\u00f3n ha emitido un comunicado aclarando las competencias en materia de contrataci\u00f3n p\u00fablica.<\/p><p>El presidente de la C\u00e1mara, Andr\u00e9s Calle, junto a los vicepresidentes Juan Fernando Ni\u00f1o y Juan Espinal, subrayaron que la responsabilidad de suscribir contratos recae exclusivamente en la Direcci\u00f3n Administrativa de la C\u00e1mara, conforme a lo establecido por la Ley 1318 de 2009, que modific\u00f3 la Ley 5 de 1992. \u201cTodo lo referente a la Contrataci\u00f3n P\u00fablica de la Corporaci\u00f3n es competencia exclusiva de la Direcci\u00f3n Administrativa,\u201d se\u00f1alaron en el comunicado.<\/p><p>A pesar de ser el representante legal de la C\u00e1mara, el presidente de la corporaci\u00f3n, as\u00ed como los dem\u00e1s miembros de la mesa directiva, no tienen la competencia para contratar. Esta funci\u00f3n es exclusiva de la Direcci\u00f3n Administrativa, que cuenta con autonom\u00eda financiera y de ejecuci\u00f3n. Sus decisiones no requieren la aprobaci\u00f3n de ning\u00fan miembro de la mesa directiva, y su elecci\u00f3n se realiza mediante convocatoria p\u00fablica, siendo legitimada por la Plenaria de la C\u00e1mara para un periodo de dos legislaturas.<\/p><figure class=\"wp-block-image size-large\"><img loading=\"lazy\" decoding=\"async\" width=\"1024\" height=\"576\" src=\"https:\/\/colombiaopina.com.co\/wp-content\/uploads\/2024\/07\/CAMARA-1024x576.png\" alt=\"\" class=\"wp-image-6173\" srcset=\"https:\/\/colombiaopina.com.co\/wp-content\/uploads\/2024\/07\/CAMARA-1024x576.png 1024w, https:\/\/colombiaopina.com.co\/wp-content\/uploads\/2024\/07\/CAMARA-300x169.png 300w, https:\/\/colombiaopina.com.co\/wp-content\/uploads\/2024\/07\/CAMARA-768x432.png 768w, https:\/\/colombiaopina.com.co\/wp-content\/uploads\/2024\/07\/CAMARA-1536x864.png 1536w, https:\/\/colombiaopina.com.co\/wp-content\/uploads\/2024\/07\/CAMARA-150x84.png 150w, https:\/\/colombiaopina.com.co\/wp-content\/uploads\/2024\/07\/CAMARA-696x392.png 696w, https:\/\/colombiaopina.com.co\/wp-content\/uploads\/2024\/07\/CAMARA-1068x601.png 1068w, https:\/\/colombiaopina.com.co\/wp-content\/uploads\/2024\/07\/CAMARA-600x338.png 600w, https:\/\/colombiaopina.com.co\/wp-content\/uploads\/2024\/07\/CAMARA.png 1920w\" sizes=\"(max-width: 1024px) 100vw, 1024px\" \/><\/figure><p>Fuentes de la Direcci\u00f3n Administrativa explicaron previamente a Caracol Radio que los procesos de contrataci\u00f3n se desarrollaron a trav\u00e9s de la Bolsa Mercantil, evitando as\u00ed la contrataci\u00f3n directa. Justificaron la modernizaci\u00f3n tecnol\u00f3gica como una necesidad para mejorar el desempe\u00f1o de los parlamentarios y acercar su labor a la ciudadan\u00eda.<\/p><p>La aclaraci\u00f3n de la mesa directiva busca disipar cualquier malentendido respecto a las competencias y responsabilidades en la gesti\u00f3n de contratos dentro de la C\u00e1mara de Representantes, reafirmando el marco legal y administrativo que rige estas acciones.<\/p>","protected":false},"excerpt":{"rendered":"<p>La Direcci\u00f3n Administrativa de la C\u00e1mara de Representantes es la \u00fanica autorizada para suscribir contratos, afirma la mesa directiva. En medio de la controversia por la firma de dos contratos por m\u00e1s de $70 mil millones de pesos destinados a la renovaci\u00f3n de instalaciones y equipos tecnol\u00f3gicos en la C\u00e1mara de Representantes, la mesa directiva [&hellip;]<\/p>\n","protected":false},"author":4,"featured_media":6172,"comment_status":"open","ping_status":"open","sticky":false,"template":"","format":"standard","meta":{"tdm_status":"","tdm_grid_status":"","_jetpack_memberships_contains_paid_content":false,"footnotes":""},"categories":[39,46,50,86],"tags":[795,93,319,227],"class_list":{"0":"post-6171","1":"post","2":"type-post","3":"status-publish","4":"format-standard","5":"has-post-thumbnail","7":"category-colombia","8":"category-gobierno","9":"category-opinion","10":"category-politica","11":"tag-camara-de-representante","12":"tag-colombia","13":"tag-congreso","14":"tag-gobierno"},"jetpack_sharing_enabled":true,"jetpack_featured_media_url":"https:\/\/colombiaopina.com.co\/wp-content\/uploads\/2024\/07\/CAMARA1.jpeg","amp_enabled":true,"_links":{"self":[{"href":"https:\/\/colombiaopina.com.co\/index.php\/wp-json\/wp\/v2\/posts\/6171"}],"collection":[{"href":"https:\/\/colombiaopina.com.co\/index.php\/wp-json\/wp\/v2\/posts"}],"about":[{"href":"https:\/\/colombiaopina.com.co\/index.php\/wp-json\/wp\/v2\/types\/post"}],"author":[{"embeddable":true,"href":"https:\/\/colombiaopina.com.co\/index.php\/wp-json\/wp\/v2\/users\/4"}],"replies":[{"embeddable":true,"href":"https:\/\/colombiaopina.com.co\/index.php\/wp-json\/wp\/v2\/comments?post=6171"}],"version-history":[{"count":1,"href":"https:\/\/colombiaopina.com.co\/index.php\/wp-json\/wp\/v2\/posts\/6171\/revisions"}],"predecessor-version":[{"id":6174,"href":"https:\/\/colombiaopina.com.co\/index.php\/wp-json\/wp\/v2\/posts\/6171\/revisions\/6174"}],"wp:featuredmedia":[{"embeddable":true,"href":"https:\/\/colombiaopina.com.co\/index.php\/wp-json\/wp\/v2\/media\/6172"}],"wp:attachment":[{"href":"https:\/\/colombiaopina.com.co\/index.php\/wp-json\/wp\/v2\/media?parent=6171"}],"wp:term":[{"taxonomy":"category","embeddable":true,"href":"https:\/\/colombiaopina.com.co\/index.php\/wp-json\/wp\/v2\/categories?post=6171"},{"taxonomy":"post_tag","embeddable":true,"href":"https:\/\/colombiaopina.com.co\/index.php\/wp-json\/wp\/v2\/tags?post=6171"}],"curies":[{"name":"wp","href":"https:\/\/api.w.org\/{rel}","templated":true}]}}