{"id":6167,"date":"2024-07-09T10:47:02","date_gmt":"2024-07-09T15:47:02","guid":{"rendered":"https:\/\/colombiaopina.com.co\/?p=6167"},"modified":"2024-07-09T10:47:07","modified_gmt":"2024-07-09T15:47:07","slug":"huelga-en-mintrabajo-se-intensifica-denuncian-penalmente-a-ministra-gloria-ines-ramirez-por-violacion-de-derechos-sindicales","status":"publish","type":"post","link":"https:\/\/colombiaopina.com.co\/index.php\/2024\/07\/09\/huelga-en-mintrabajo-se-intensifica-denuncian-penalmente-a-ministra-gloria-ines-ramirez-por-violacion-de-derechos-sindicales\/","title":{"rendered":"Huelga en MinTrabajo se intensifica: denuncian penalmente a ministra Gloria In\u00e9s Ram\u00edrez por violaci\u00f3n de derechos sindicales"},"content":{"rendered":"<p><strong>Los sindicatos acusan a la ministra de Trabajo de interferir en una huelga legalmente declarada, presentando pruebas de presiones y represalias.<\/strong><\/p><p>La situaci\u00f3n en el Ministerio del Trabajo se complica a\u00fan m\u00e1s con la reciente denuncia penal presentada contra la ministra Gloria In\u00e9s Ram\u00edrez por parte del comit\u00e9 de huelga de la entidad. La denuncia, dirigida a la fiscal general Luz Adriana Camargo Garz\u00f3n, acusa a la ministra de violar los derechos de asociaci\u00f3n y libertad sindical, al intentar interrumpir una huelga que hab\u00eda sido declarada legalmente el pasado 21 de mayo de 2024.<\/p><p>Seg\u00fan el comit\u00e9 de huelga, compuesto por diversos sindicatos del Ministerio, la ministra Ram\u00edrez no ha brindado las garant\u00edas necesarias durante la protesta, que ha involucrado a cientos de funcionarios. La denuncia destaca que, aunque los trabajadores optaron por un cese de actividades, muchos se vieron obligados a continuar sus labores por miedo a represalias.<\/p><p>En el documento, los denunciantes adjuntan pruebas de presiones ejercidas sobre los empleados para que mantuvieran sus funciones y de la falta de respeto hacia la decisi\u00f3n mayoritaria de ir a huelga. Alegan que la ministra Ram\u00edrez solicit\u00f3 que se permitiera la entrada de funcionarios y contratistas, contraviniendo el derecho de huelga de los trabajadores.<\/p><p>\u201cSolicitamos que se investigue la comisi\u00f3n de los delitos que presuntamente puedan presentarse por los servidores liderados por la Ministra del Trabajo Gloria In\u00e9s Ram\u00edrez R\u00edos, y que han intervenido en la presunta violaci\u00f3n del derecho de asociaci\u00f3n, libertad sindical y de huelga de las organizaciones sindicales que integran el comit\u00e9 de huelga del Ministerio del Trabajo,\u201d se lee en la denuncia firmada por sindicatos como SINALTRAEMPROS, SINPROTECOL, SINALTRASEGURIDADSOCIAL, y otros.<\/p><figure class=\"wp-block-image size-large\"><img loading=\"lazy\" decoding=\"async\" width=\"1024\" height=\"576\" src=\"https:\/\/colombiaopina.com.co\/wp-content\/uploads\/2024\/07\/MINTRABAJO1-1024x576.avif\" alt=\"\" class=\"wp-image-6169\" srcset=\"https:\/\/colombiaopina.com.co\/wp-content\/uploads\/2024\/07\/MINTRABAJO1-1024x576.avif 1024w, https:\/\/colombiaopina.com.co\/wp-content\/uploads\/2024\/07\/MINTRABAJO1-300x169.avif 300w, https:\/\/colombiaopina.com.co\/wp-content\/uploads\/2024\/07\/MINTRABAJO1-768x432.avif 768w, https:\/\/colombiaopina.com.co\/wp-content\/uploads\/2024\/07\/MINTRABAJO1-1536x864.avif 1536w, https:\/\/colombiaopina.com.co\/wp-content\/uploads\/2024\/07\/MINTRABAJO1-150x84.avif 150w, https:\/\/colombiaopina.com.co\/wp-content\/uploads\/2024\/07\/MINTRABAJO1-696x392.avif 696w, https:\/\/colombiaopina.com.co\/wp-content\/uploads\/2024\/07\/MINTRABAJO1-1068x601.avif 1068w, https:\/\/colombiaopina.com.co\/wp-content\/uploads\/2024\/07\/MINTRABAJO1-600x338.avif 600w, https:\/\/colombiaopina.com.co\/wp-content\/uploads\/2024\/07\/MINTRABAJO1.avif 1920w\" sizes=\"(max-width: 1024px) 100vw, 1024px\" \/><\/figure><p>El comit\u00e9 de huelga tambi\u00e9n ha manifestado su descontento con la Procuradur\u00eda General de la Naci\u00f3n, acus\u00e1ndola de complicidad con la administraci\u00f3n del Ministerio del Trabajo. En un comunicado reciente, criticaron la postura de la Procuradur\u00eda, que seg\u00fan ellos, ha favorecido a la administraci\u00f3n y ha vulnerado los derechos fundamentales de los trabajadores en huelga.<\/p><p>Los sindicatos han exigido que la Procuradur\u00eda act\u00fae de manera imparcial y promueva el di\u00e1logo entre las partes, sin prejuzgar ni extralimitarse en sus funciones. \u201cDebe mantener independencia y no extralimitarse en sus funciones, tal como se lo dimos a conocer como comit\u00e9 de huelga, que una vez se evidenci\u00f3 la posici\u00f3n tomada le solicitamos apartarse del proceso toda vez que no se evidenci\u00f3 el actuar de mediador imparcial, sino todo lo contrario,\u201d a\u00f1adieron.<\/p><p>La denuncia contra la ministra Gloria In\u00e9s Ram\u00edrez y las cr\u00edticas hacia la Procuradur\u00eda reflejan la creciente tensi\u00f3n y complejidad del conflicto laboral en el Ministerio del Trabajo, evidenciando la necesidad de una mediaci\u00f3n efectiva y respetuosa de los derechos sindicales para resolver la huelga que afecta a la entidad.<\/p>","protected":false},"excerpt":{"rendered":"<p>Los sindicatos acusan a la ministra de Trabajo de interferir en una huelga legalmente declarada, presentando pruebas de presiones y represalias. La situaci\u00f3n en el Ministerio del Trabajo se complica a\u00fan m\u00e1s con la reciente denuncia penal presentada contra la ministra Gloria In\u00e9s Ram\u00edrez por parte del comit\u00e9 de huelga de la entidad. La denuncia, [&hellip;]<\/p>\n","protected":false},"author":4,"featured_media":6168,"comment_status":"open","ping_status":"open","sticky":false,"template":"","format":"standard","meta":{"tdm_status":"","tdm_grid_status":"","_jetpack_memberships_contains_paid_content":false,"footnotes":""},"categories":[39,46,340,50,103,86],"tags":[282,93,227,1342],"class_list":{"0":"post-6167","1":"post","2":"type-post","3":"status-publish","4":"format-standard","5":"has-post-thumbnail","7":"category-colombia","8":"category-gobierno","9":"category-ministro","10":"category-opinion","11":"category-petro","12":"category-politica","13":"tag-antioquia","14":"tag-colombia","15":"tag-gobierno","16":"tag-mintrabajo"},"jetpack_sharing_enabled":true,"jetpack_featured_media_url":"https:\/\/colombiaopina.com.co\/wp-content\/uploads\/2024\/07\/MINTRABAJO.jpeg","amp_enabled":true,"_links":{"self":[{"href":"https:\/\/colombiaopina.com.co\/index.php\/wp-json\/wp\/v2\/posts\/6167"}],"collection":[{"href":"https:\/\/colombiaopina.com.co\/index.php\/wp-json\/wp\/v2\/posts"}],"about":[{"href":"https:\/\/colombiaopina.com.co\/index.php\/wp-json\/wp\/v2\/types\/post"}],"author":[{"embeddable":true,"href":"https:\/\/colombiaopina.com.co\/index.php\/wp-json\/wp\/v2\/users\/4"}],"replies":[{"embeddable":true,"href":"https:\/\/colombiaopina.com.co\/index.php\/wp-json\/wp\/v2\/comments?post=6167"}],"version-history":[{"count":1,"href":"https:\/\/colombiaopina.com.co\/index.php\/wp-json\/wp\/v2\/posts\/6167\/revisions"}],"predecessor-version":[{"id":6170,"href":"https:\/\/colombiaopina.com.co\/index.php\/wp-json\/wp\/v2\/posts\/6167\/revisions\/6170"}],"wp:featuredmedia":[{"embeddable":true,"href":"https:\/\/colombiaopina.com.co\/index.php\/wp-json\/wp\/v2\/media\/6168"}],"wp:attachment":[{"href":"https:\/\/colombiaopina.com.co\/index.php\/wp-json\/wp\/v2\/media?parent=6167"}],"wp:term":[{"taxonomy":"category","embeddable":true,"href":"https:\/\/colombiaopina.com.co\/index.php\/wp-json\/wp\/v2\/categories?post=6167"},{"taxonomy":"post_tag","embeddable":true,"href":"https:\/\/colombiaopina.com.co\/index.php\/wp-json\/wp\/v2\/tags?post=6167"}],"curies":[{"name":"wp","href":"https:\/\/api.w.org\/{rel}","templated":true}]}}