{"id":6143,"date":"2024-07-08T09:44:59","date_gmt":"2024-07-08T14:44:59","guid":{"rendered":"https:\/\/colombiaopina.com.co\/?p=6143"},"modified":"2024-07-08T09:45:04","modified_gmt":"2024-07-08T14:45:04","slug":"la-estrella-inaugura-el-edificio-del-deporte-del-valle-de-aburra-con-una-inversion-historica","status":"publish","type":"post","link":"https:\/\/colombiaopina.com.co\/index.php\/2024\/07\/08\/la-estrella-inaugura-el-edificio-del-deporte-del-valle-de-aburra-con-una-inversion-historica\/","title":{"rendered":"La Estrella inaugura el edificio del deporte del Valle de Aburr\u00e1 con una inversi\u00f3n hist\u00f3rica"},"content":{"rendered":"<p>La Estrella vivi\u00f3 un d\u00eda hist\u00f3rico el pasado 6 de julio con la inauguraci\u00f3n del Edificio del Deporte del Valle de Aburr\u00e1, un evento que marca un antes y un despu\u00e9s en la infraestructura deportiva del municipio. La jornada comenz\u00f3 a las 10 de la ma\u00f1ana con un vibrante desfile desde la unidad Tierra Fresca hasta la unidad deportiva, culminando al mediod\u00eda con la apertura oficial del nuevo complejo.<br><\/p><p>La celebraci\u00f3n cont\u00f3 con la participaci\u00f3n de bandas musicales que animaron las calles y con demostraciones de m\u00e1s de 20 disciplinas deportivas. Estos eventos destacaron la diversidad y el talento de los deportistas locales, quienes ahora pueden disfrutar de instalaciones modernas y bien equipadas. El festival deportivo atrajo a una gran multitud, reflejando el entusiasmo y el apoyo de la comunidad hacia este significativo avance.<br><\/p><p>El alcalde Carlos Mario Guti\u00e9rrez Arrubla expres\u00f3 su orgullo por esta obra, dise\u00f1ada para fomentar la pr\u00e1ctica y el disfrute del deporte en La Estrella. \u00abEste espacio ofrece instalaciones de primer nivel para deportistas y aficionados de todas las edades\u00bb, se\u00f1al\u00f3 el alcalde, destacando las caracter\u00edsticas innovadoras del edificio, que incluye una piscina climatizada y \u00e1reas para gimnasia art\u00edstica, ambas disponibles por primera vez en el municipio.<br><\/p><figure class=\"wp-block-image size-full\"><img loading=\"lazy\" decoding=\"async\" width=\"797\" height=\"450\" src=\"https:\/\/colombiaopina.com.co\/wp-content\/uploads\/2024\/07\/ESTRELLA.jpeg\" alt=\"\" class=\"wp-image-6145\" srcset=\"https:\/\/colombiaopina.com.co\/wp-content\/uploads\/2024\/07\/ESTRELLA.jpeg 797w, https:\/\/colombiaopina.com.co\/wp-content\/uploads\/2024\/07\/ESTRELLA-300x169.jpeg 300w, https:\/\/colombiaopina.com.co\/wp-content\/uploads\/2024\/07\/ESTRELLA-768x434.jpeg 768w, https:\/\/colombiaopina.com.co\/wp-content\/uploads\/2024\/07\/ESTRELLA-150x85.jpeg 150w, https:\/\/colombiaopina.com.co\/wp-content\/uploads\/2024\/07\/ESTRELLA-696x393.jpeg 696w, https:\/\/colombiaopina.com.co\/wp-content\/uploads\/2024\/07\/ESTRELLA-600x339.jpeg 600w\" sizes=\"(max-width: 797px) 100vw, 797px\" \/><\/figure><p>La inversi\u00f3n total para esta obra supera los 16 mil millones de pesos, cofinanciados con el Ministerio del Deporte. El edificio de cinco niveles no solo es un avance en t\u00e9rminos de infraestructura, sino tambi\u00e9n un modelo de sostenibilidad, equipado con ascensor y paneles solares que aseguran su funcionamiento energ\u00e9tico de manera responsable.<br><\/p><p>La inauguraci\u00f3n no se limit\u00f3 a un solo d\u00eda; el evento extendi\u00f3 su programaci\u00f3n al domingo, permitiendo que ni\u00f1os, j\u00f3venes, adultos y adultos mayores disfrutaran de actividades alrededor de la vida activa y saludable. Adem\u00e1s, emprendedores locales tuvieron la oportunidad de presentar sus productos en la feria La Romer\u00eda del Deporte, que incluy\u00f3 una pantalla gigante para la transmisi\u00f3n de los cuartos de final de la Copa Am\u00e9rica y diversas ofertas culturales con el Gran PorroV\u00eda.<br><\/p><p>Este evento, sin duda, marca un hito en la historia deportiva de La Estrella, consolidando a la administraci\u00f3n municipal en su compromiso de promover el deporte y la vida saludable entre sus habitantes.<\/p>","protected":false},"excerpt":{"rendered":"<p>La Estrella vivi\u00f3 un d\u00eda hist\u00f3rico el pasado 6 de julio con la inauguraci\u00f3n del Edificio del Deporte del Valle de Aburr\u00e1, un evento que marca un antes y un despu\u00e9s en la infraestructura deportiva del municipio. La jornada comenz\u00f3 a las 10 de la ma\u00f1ana con un vibrante desfile desde la unidad Tierra Fresca [&hellip;]<\/p>\n","protected":false},"author":4,"featured_media":6144,"comment_status":"open","ping_status":"open","sticky":false,"template":"","format":"standard","meta":{"tdm_status":"","tdm_grid_status":"","_jetpack_memberships_contains_paid_content":false,"footnotes":""},"categories":[38,47,84,86],"tags":[282,93,1916,352,765],"class_list":{"0":"post-6143","1":"post","2":"type-post","3":"status-publish","4":"format-standard","5":"has-post-thumbnail","7":"category-antioquia","8":"category-deportes","9":"category-obras","10":"category-politica","11":"tag-antioquia","12":"tag-colombia","13":"tag-edificio-del-deporte","14":"tag-la-estrella","15":"tag-valle-de-aburra"},"jetpack_sharing_enabled":true,"jetpack_featured_media_url":"https:\/\/colombiaopina.com.co\/wp-content\/uploads\/2024\/07\/ESTRELLA2.webp","amp_enabled":true,"_links":{"self":[{"href":"https:\/\/colombiaopina.com.co\/index.php\/wp-json\/wp\/v2\/posts\/6143"}],"collection":[{"href":"https:\/\/colombiaopina.com.co\/index.php\/wp-json\/wp\/v2\/posts"}],"about":[{"href":"https:\/\/colombiaopina.com.co\/index.php\/wp-json\/wp\/v2\/types\/post"}],"author":[{"embeddable":true,"href":"https:\/\/colombiaopina.com.co\/index.php\/wp-json\/wp\/v2\/users\/4"}],"replies":[{"embeddable":true,"href":"https:\/\/colombiaopina.com.co\/index.php\/wp-json\/wp\/v2\/comments?post=6143"}],"version-history":[{"count":1,"href":"https:\/\/colombiaopina.com.co\/index.php\/wp-json\/wp\/v2\/posts\/6143\/revisions"}],"predecessor-version":[{"id":6146,"href":"https:\/\/colombiaopina.com.co\/index.php\/wp-json\/wp\/v2\/posts\/6143\/revisions\/6146"}],"wp:featuredmedia":[{"embeddable":true,"href":"https:\/\/colombiaopina.com.co\/index.php\/wp-json\/wp\/v2\/media\/6144"}],"wp:attachment":[{"href":"https:\/\/colombiaopina.com.co\/index.php\/wp-json\/wp\/v2\/media?parent=6143"}],"wp:term":[{"taxonomy":"category","embeddable":true,"href":"https:\/\/colombiaopina.com.co\/index.php\/wp-json\/wp\/v2\/categories?post=6143"},{"taxonomy":"post_tag","embeddable":true,"href":"https:\/\/colombiaopina.com.co\/index.php\/wp-json\/wp\/v2\/tags?post=6143"}],"curies":[{"name":"wp","href":"https:\/\/api.w.org\/{rel}","templated":true}]}}