{"id":5788,"date":"2024-06-25T08:28:41","date_gmt":"2024-06-25T13:28:41","guid":{"rendered":"https:\/\/colombiaopina.com.co\/?p=5788"},"modified":"2024-06-25T08:28:45","modified_gmt":"2024-06-25T13:28:45","slug":"jep-concede-amnistia-a-simon-trinidad-excomandante-de-las-farc-por-el-delito-de-rebelion","status":"publish","type":"post","link":"https:\/\/colombiaopina.com.co\/index.php\/2024\/06\/25\/jep-concede-amnistia-a-simon-trinidad-excomandante-de-las-farc-por-el-delito-de-rebelion\/","title":{"rendered":"JEP concede amnist\u00eda a Sim\u00f3n Trinidad, excomandante de las Farc, por el delito de rebeli\u00f3n"},"content":{"rendered":"<p>La Jurisdicci\u00f3n Especial para la Paz (JEP) otorg\u00f3 amnist\u00eda a Juvenal Ovidio Ricardo Palmera Pineda, alias Sim\u00f3n Trinidad, excomandante de las Farc, por el delito de rebeli\u00f3n. La decisi\u00f3n fue notificada este lunes al Gobierno y se basa en el cumplimiento de los requisitos establecidos para este beneficio jur\u00eddico, relacionado con su participaci\u00f3n en el conflicto armado interno antes de la firma del Acuerdo Final de Paz en 2016.<br><\/p><p>La Sala de Amnist\u00eda o Indulto de la JEP, en un fallo de 25 p\u00e1ginas, determin\u00f3 que Sim\u00f3n Trinidad cumple con los par\u00e1metros necesarios para recibir la amnist\u00eda, subrayando que debe someterse a un r\u00e9gimen de condicionalidad ante la JEP, conforme a lo estipulado en la Constituci\u00f3n mediante el Acto Legislativo 01 de 2017. Este r\u00e9gimen busca asegurar una respuesta integral a las v\u00edctimas del conflicto, incluyendo medidas de verdad, justicia, reparaci\u00f3n y no repetici\u00f3n.<br><\/p><figure class=\"wp-block-image size-full\"><img loading=\"lazy\" decoding=\"async\" width=\"414\" height=\"310\" src=\"https:\/\/colombiaopina.com.co\/wp-content\/uploads\/2024\/06\/JEP.jpeg\" alt=\"\" class=\"wp-image-5790\" srcset=\"https:\/\/colombiaopina.com.co\/wp-content\/uploads\/2024\/06\/JEP.jpeg 414w, https:\/\/colombiaopina.com.co\/wp-content\/uploads\/2024\/06\/JEP-300x225.jpeg 300w, https:\/\/colombiaopina.com.co\/wp-content\/uploads\/2024\/06\/JEP-150x112.jpeg 150w, https:\/\/colombiaopina.com.co\/wp-content\/uploads\/2024\/06\/JEP-265x198.jpeg 265w\" sizes=\"(max-width: 414px) 100vw, 414px\" \/><\/figure><p>Sim\u00f3n Trinidad se encuentra actualmente en una prisi\u00f3n de m\u00e1xima seguridad en Estados Unidos, cumpliendo una condena de 60 a\u00f1os por el secuestro de tres contratistas estadounidenses en 2003. La amnist\u00eda otorgada por la JEP abarca \u00fanicamente el delito de rebeli\u00f3n, mientras que otros procesos relacionados con cr\u00edmenes graves, como la masacre de Bojay\u00e1, seguir\u00e1n su curso bajo la jurisdicci\u00f3n ordinaria y la JEP.<br><\/p><p>La decisi\u00f3n tambi\u00e9n comisiona a la Oficina de Atenci\u00f3n a V\u00edctimas de la JEP y a la Unidad de Investigaci\u00f3n y Acusaci\u00f3n para localizar a las v\u00edctimas de los hechos en Bojay\u00e1 y Vig\u00eda del Fuerte, permiti\u00e9ndoles participar en el proceso y presentar recursos si lo desean.<br>Este avance en el caso de Sim\u00f3n Trinidad refleja los esfuerzos continuos de la JEP para cumplir con los acuerdos de paz y proporcionar un marco de justicia transicional que equilibre los derechos de las v\u00edctimas con los compromisos asumidos en el proceso de paz.<\/p>","protected":false},"excerpt":{"rendered":"<p>La Jurisdicci\u00f3n Especial para la Paz (JEP) otorg\u00f3 amnist\u00eda a Juvenal Ovidio Ricardo Palmera Pineda, alias Sim\u00f3n Trinidad, excomandante de las Farc, por el delito de rebeli\u00f3n. La decisi\u00f3n fue notificada este lunes al Gobierno y se basa en el cumplimiento de los requisitos establecidos para este beneficio jur\u00eddico, relacionado con su participaci\u00f3n en el [&hellip;]<\/p>\n","protected":false},"author":4,"featured_media":5789,"comment_status":"open","ping_status":"open","sticky":false,"template":"","format":"standard","meta":{"tdm_status":"","tdm_grid_status":"","_jetpack_memberships_contains_paid_content":false,"footnotes":""},"categories":[39,194,46,50,49,86,41],"tags":[93,225,227,1102,127,65,1816],"class_list":{"0":"post-5788","1":"post","2":"type-post","3":"status-publish","4":"format-standard","5":"has-post-thumbnail","7":"category-colombia","8":"category-corte","9":"category-gobierno","10":"category-opinion","11":"category-orden-publico","12":"category-politica","13":"category-seguridad","14":"tag-colombia","15":"tag-farc","16":"tag-gobierno","17":"tag-jep","18":"tag-orden-publico","19":"tag-seguridad","20":"tag-simon-trinidad"},"jetpack_sharing_enabled":true,"jetpack_featured_media_url":"https:\/\/colombiaopina.com.co\/wp-content\/uploads\/2024\/06\/JEP1.jpeg","amp_enabled":true,"_links":{"self":[{"href":"https:\/\/colombiaopina.com.co\/index.php\/wp-json\/wp\/v2\/posts\/5788"}],"collection":[{"href":"https:\/\/colombiaopina.com.co\/index.php\/wp-json\/wp\/v2\/posts"}],"about":[{"href":"https:\/\/colombiaopina.com.co\/index.php\/wp-json\/wp\/v2\/types\/post"}],"author":[{"embeddable":true,"href":"https:\/\/colombiaopina.com.co\/index.php\/wp-json\/wp\/v2\/users\/4"}],"replies":[{"embeddable":true,"href":"https:\/\/colombiaopina.com.co\/index.php\/wp-json\/wp\/v2\/comments?post=5788"}],"version-history":[{"count":1,"href":"https:\/\/colombiaopina.com.co\/index.php\/wp-json\/wp\/v2\/posts\/5788\/revisions"}],"predecessor-version":[{"id":5791,"href":"https:\/\/colombiaopina.com.co\/index.php\/wp-json\/wp\/v2\/posts\/5788\/revisions\/5791"}],"wp:featuredmedia":[{"embeddable":true,"href":"https:\/\/colombiaopina.com.co\/index.php\/wp-json\/wp\/v2\/media\/5789"}],"wp:attachment":[{"href":"https:\/\/colombiaopina.com.co\/index.php\/wp-json\/wp\/v2\/media?parent=5788"}],"wp:term":[{"taxonomy":"category","embeddable":true,"href":"https:\/\/colombiaopina.com.co\/index.php\/wp-json\/wp\/v2\/categories?post=5788"},{"taxonomy":"post_tag","embeddable":true,"href":"https:\/\/colombiaopina.com.co\/index.php\/wp-json\/wp\/v2\/tags?post=5788"}],"curies":[{"name":"wp","href":"https:\/\/api.w.org\/{rel}","templated":true}]}}