{"id":5680,"date":"2024-06-20T12:37:48","date_gmt":"2024-06-20T17:37:48","guid":{"rendered":"https:\/\/colombiaopina.com.co\/?p=5680"},"modified":"2024-06-20T12:37:53","modified_gmt":"2024-06-20T17:37:53","slug":"alcaldia-de-medellin-recupera-960-toneladas-de-residuos-en-142-operativos-de-espacio-publico","status":"publish","type":"post","link":"https:\/\/colombiaopina.com.co\/index.php\/2024\/06\/20\/alcaldia-de-medellin-recupera-960-toneladas-de-residuos-en-142-operativos-de-espacio-publico\/","title":{"rendered":"Alcald\u00eda de Medell\u00edn recupera 960 toneladas de residuos en 142 operativos de espacio p\u00fablico"},"content":{"rendered":"<p>La Alcald\u00eda de Medell\u00edn, a trav\u00e9s de la Secretar\u00eda de Seguridad y Convivencia, ha llevado a cabo 142 operativos de recuperaci\u00f3n del espacio p\u00fablico en lo que va del a\u00f1o, recolectando un total de 960 toneladas de residuos. Estas intervenciones son parte de un esfuerzo continuo por mantener la ciudad limpia y segura, garantizando el uso adecuado de las \u00e1reas comunes.<br><\/p><p>La intervenci\u00f3n m\u00e1s reciente tuvo lugar en Guayabal, donde se decomisaron 734 estibas de madera que hab\u00edan permanecido a la intemperie durante varios a\u00f1os, ocupando un predio y obstruyendo la circulaci\u00f3n. Estas estibas no solo representaban un peligro al haber provocado un incendio en el pasado, sino que tambi\u00e9n eran utilizadas por habitantes de calle para construir refugios improvisados. Adem\u00e1s, se sell\u00f3 una f\u00e1brica de estibas por cinco d\u00edas debido a la falta de documentaci\u00f3n requerida para su funcionamiento.<br><\/p><p>El secretario de Seguridad y Convivencia, Manuel Villa Mej\u00eda, destac\u00f3 la importancia de estas acciones: \u00abEstamos comprometidos en recuperar el espacio p\u00fablico. Por eso, se realizan patrullajes regulares con el apoyo de la Polic\u00eda para detectar ocupaciones ilegales. Adem\u00e1s, se efect\u00faan operativos peri\u00f3dicos para retirar objetos que obstruyen zonas comunes. Contamos con la participaci\u00f3n activa de la ciudadan\u00eda en actividades de embellecimiento y vigilancia del entorno urbano\u00bb.<br><\/p><figure class=\"wp-block-image size-full\"><img loading=\"lazy\" decoding=\"async\" width=\"768\" height=\"432\" src=\"https:\/\/colombiaopina.com.co\/wp-content\/uploads\/2024\/06\/RESIDUOS.jpeg\" alt=\"\" class=\"wp-image-5682\" srcset=\"https:\/\/colombiaopina.com.co\/wp-content\/uploads\/2024\/06\/RESIDUOS.jpeg 768w, https:\/\/colombiaopina.com.co\/wp-content\/uploads\/2024\/06\/RESIDUOS-300x169.jpeg 300w, https:\/\/colombiaopina.com.co\/wp-content\/uploads\/2024\/06\/RESIDUOS-150x84.jpeg 150w, https:\/\/colombiaopina.com.co\/wp-content\/uploads\/2024\/06\/RESIDUOS-696x392.jpeg 696w, https:\/\/colombiaopina.com.co\/wp-content\/uploads\/2024\/06\/RESIDUOS-600x338.jpeg 600w\" sizes=\"(max-width: 768px) 100vw, 768px\" \/><\/figure><p>En el transcurso del a\u00f1o, adem\u00e1s de la recolecci\u00f3n de residuos, la Secretar\u00eda de Seguridad y Convivencia ha llevado a cabo una serie de actividades complementarias. Estas incluyen la sensibilizaci\u00f3n de 8.992 personas sobre el uso adecuado del espacio p\u00fablico, el apoyo en 968 incautaciones, el embellecimiento de 107 lugares y el desmonte de 5.211 estructuras utilizadas por habitantes de calle.<br><\/p><p>Estas acciones forman parte de un plan integral del Distrito para controlar y garantizar el adecuado uso del espacio p\u00fablico en Medell\u00edn, con el objetivo de mejorar la calidad de vida de sus habitantes y mantener la ciudad ordenada y segura.<\/p>","protected":false},"excerpt":{"rendered":"<p>La Alcald\u00eda de Medell\u00edn, a trav\u00e9s de la Secretar\u00eda de Seguridad y Convivencia, ha llevado a cabo 142 operativos de recuperaci\u00f3n del espacio p\u00fablico en lo que va del a\u00f1o, recolectando un total de 960 toneladas de residuos. Estas intervenciones son parte de un esfuerzo continuo por mantener la ciudad limpia y segura, garantizando el [&hellip;]<\/p>\n","protected":false},"author":4,"featured_media":5681,"comment_status":"open","ping_status":"open","sticky":false,"template":"","format":"standard","meta":{"tdm_status":"","tdm_grid_status":"","_jetpack_memberships_contains_paid_content":false,"footnotes":""},"categories":[38,39,147,54,84,50,49],"tags":[282,452,93,1454,100,62,127,1780],"class_list":{"0":"post-5680","1":"post","2":"type-post","3":"status-publish","4":"format-standard","5":"has-post-thumbnail","7":"category-antioquia","8":"category-colombia","9":"category-fico","10":"category-medellin","11":"category-obras","12":"category-opinion","13":"category-orden-publico","14":"tag-antioquia","15":"tag-basuras","16":"tag-colombia","17":"tag-espacio-publico","18":"tag-fico","19":"tag-medellin","20":"tag-orden-publico","21":"tag-residuos"},"jetpack_sharing_enabled":true,"jetpack_featured_media_url":"https:\/\/colombiaopina.com.co\/wp-content\/uploads\/2024\/06\/RESIDUOS1.jpeg","amp_enabled":true,"_links":{"self":[{"href":"https:\/\/colombiaopina.com.co\/index.php\/wp-json\/wp\/v2\/posts\/5680"}],"collection":[{"href":"https:\/\/colombiaopina.com.co\/index.php\/wp-json\/wp\/v2\/posts"}],"about":[{"href":"https:\/\/colombiaopina.com.co\/index.php\/wp-json\/wp\/v2\/types\/post"}],"author":[{"embeddable":true,"href":"https:\/\/colombiaopina.com.co\/index.php\/wp-json\/wp\/v2\/users\/4"}],"replies":[{"embeddable":true,"href":"https:\/\/colombiaopina.com.co\/index.php\/wp-json\/wp\/v2\/comments?post=5680"}],"version-history":[{"count":1,"href":"https:\/\/colombiaopina.com.co\/index.php\/wp-json\/wp\/v2\/posts\/5680\/revisions"}],"predecessor-version":[{"id":5683,"href":"https:\/\/colombiaopina.com.co\/index.php\/wp-json\/wp\/v2\/posts\/5680\/revisions\/5683"}],"wp:featuredmedia":[{"embeddable":true,"href":"https:\/\/colombiaopina.com.co\/index.php\/wp-json\/wp\/v2\/media\/5681"}],"wp:attachment":[{"href":"https:\/\/colombiaopina.com.co\/index.php\/wp-json\/wp\/v2\/media?parent=5680"}],"wp:term":[{"taxonomy":"category","embeddable":true,"href":"https:\/\/colombiaopina.com.co\/index.php\/wp-json\/wp\/v2\/categories?post=5680"},{"taxonomy":"post_tag","embeddable":true,"href":"https:\/\/colombiaopina.com.co\/index.php\/wp-json\/wp\/v2\/tags?post=5680"}],"curies":[{"name":"wp","href":"https:\/\/api.w.org\/{rel}","templated":true}]}}