{"id":5458,"date":"2024-06-14T07:37:21","date_gmt":"2024-06-14T12:37:21","guid":{"rendered":"https:\/\/colombiaopina.com.co\/?p=5458"},"modified":"2024-06-14T07:37:26","modified_gmt":"2024-06-14T12:37:26","slug":"colombia-ofrecera-apoyo-humanitario-a-ninos-palestinos-y-sus-familias-afectadas-por-el-conflicto-en-gaza","status":"publish","type":"post","link":"https:\/\/colombiaopina.com.co\/index.php\/2024\/06\/14\/colombia-ofrecera-apoyo-humanitario-a-ninos-palestinos-y-sus-familias-afectadas-por-el-conflicto-en-gaza\/","title":{"rendered":"Colombia ofrecer\u00e1 apoyo humanitario a ni\u00f1os palestinos y sus familias afectadas por el conflicto en Gaza"},"content":{"rendered":"<p>En un gesto humanitario significativo, el Gobierno de Colombia ha anunciado que proporcionar\u00e1 atenci\u00f3n m\u00e9dica y apoyo humanitario a ni\u00f1os palestinos y a sus familias que han sido afectados por el conflicto en Gaza. El anuncio fue hecho por Elizabeth Taylor Jay, viceministra de Asuntos Multilaterales, durante una visita oficial del presidente Gustavo Petro a Suecia.<br><\/p><p>\u00abHemos tomado la decisi\u00f3n de apoyar de manera humanitaria a unos ni\u00f1os palestinos que viajar\u00edan con sus familias a Colombia para su rehabilitaci\u00f3n. Y esperamos el apoyo del Hospital Militar en Colombia para poder desarrollar esto\u00bb, declar\u00f3 Taylor Jay. Sin embargo, no se ofrecieron detalles espec\u00edficos sobre el n\u00famero de menores que recibir\u00e1n esta atenci\u00f3n ni las fechas exactas de su traslado.<br><\/p><p>Este compromiso humanitario se enmarca en la experiencia de Colombia en la atenci\u00f3n a v\u00edctimas de la violencia, aprovechando las capacidades del pa\u00eds en este \u00e1mbito para ofrecer un refugio y atenci\u00f3n m\u00e9dica a quienes m\u00e1s lo necesitan. La viceministra subray\u00f3 la importancia de esta ayuda en el contexto de la dif\u00edcil situaci\u00f3n que atraviesa la poblaci\u00f3n civil en Gaza.<br><\/p><figure class=\"wp-block-image size-full\"><img loading=\"lazy\" decoding=\"async\" width=\"1000\" height=\"600\" src=\"https:\/\/colombiaopina.com.co\/wp-content\/uploads\/2024\/06\/PALESTINA.jpeg\" alt=\"\" class=\"wp-image-5460\" srcset=\"https:\/\/colombiaopina.com.co\/wp-content\/uploads\/2024\/06\/PALESTINA.jpeg 1000w, https:\/\/colombiaopina.com.co\/wp-content\/uploads\/2024\/06\/PALESTINA-300x180.jpeg 300w, https:\/\/colombiaopina.com.co\/wp-content\/uploads\/2024\/06\/PALESTINA-768x461.jpeg 768w, https:\/\/colombiaopina.com.co\/wp-content\/uploads\/2024\/06\/PALESTINA-150x90.jpeg 150w, https:\/\/colombiaopina.com.co\/wp-content\/uploads\/2024\/06\/PALESTINA-696x418.jpeg 696w, https:\/\/colombiaopina.com.co\/wp-content\/uploads\/2024\/06\/PALESTINA-600x360.jpeg 600w\" sizes=\"(max-width: 1000px) 100vw, 1000px\" \/><\/figure><p>El anuncio de este apoyo se produce tras la decisi\u00f3n de Colombia de romper relaciones diplom\u00e1ticas con Israel desde el 1 de mayo, como respuesta a las operaciones militares en curso en Gaza. El presidente Petro ha calificado repetidamente estas operaciones como un genocidio, una acusaci\u00f3n que el Gobierno de Israel, bajo el liderazgo de Benjam\u00edn Netanyahu, ha rechazado vehementemente, insistiendo en que sus acciones se realizan en defensa propia.<br><\/p><p>La comunidad internacional sigue de cerca estas iniciativas, observando c\u00f3mo Colombia se posiciona y act\u00faa en relaci\u00f3n con el conflicto en Gaza, destacando la importancia de la solidaridad y la ayuda humanitaria en tiempos de crisis.<\/p>","protected":false},"excerpt":{"rendered":"<p>En un gesto humanitario significativo, el Gobierno de Colombia ha anunciado que proporcionar\u00e1 atenci\u00f3n m\u00e9dica y apoyo humanitario a ni\u00f1os palestinos y a sus familias que han sido afectados por el conflicto en Gaza. El anuncio fue hecho por Elizabeth Taylor Jay, viceministra de Asuntos Multilaterales, durante una visita oficial del presidente Gustavo Petro a [&hellip;]<\/p>\n","protected":false},"author":4,"featured_media":5459,"comment_status":"open","ping_status":"open","sticky":false,"template":"","format":"standard","meta":{"tdm_status":"","tdm_grid_status":"","_jetpack_memberships_contains_paid_content":false,"footnotes":""},"categories":[39,45,46,84,50,103,86],"tags":[93,1725,1726,227,242,127,1297,135],"class_list":{"0":"post-5458","1":"post","2":"type-post","3":"status-publish","4":"format-standard","5":"has-post-thumbnail","7":"category-colombia","8":"category-emergencias","9":"category-gobierno","10":"category-obras","11":"category-opinion","12":"category-petro","13":"category-politica","14":"tag-colombia","15":"tag-conflicto","16":"tag-gaza","17":"tag-gobierno","18":"tag-ninos","19":"tag-orden-publico","20":"tag-palestina","21":"tag-petro"},"jetpack_sharing_enabled":true,"jetpack_featured_media_url":"https:\/\/colombiaopina.com.co\/wp-content\/uploads\/2024\/06\/PALESTINA1.jpeg","amp_enabled":true,"_links":{"self":[{"href":"https:\/\/colombiaopina.com.co\/index.php\/wp-json\/wp\/v2\/posts\/5458"}],"collection":[{"href":"https:\/\/colombiaopina.com.co\/index.php\/wp-json\/wp\/v2\/posts"}],"about":[{"href":"https:\/\/colombiaopina.com.co\/index.php\/wp-json\/wp\/v2\/types\/post"}],"author":[{"embeddable":true,"href":"https:\/\/colombiaopina.com.co\/index.php\/wp-json\/wp\/v2\/users\/4"}],"replies":[{"embeddable":true,"href":"https:\/\/colombiaopina.com.co\/index.php\/wp-json\/wp\/v2\/comments?post=5458"}],"version-history":[{"count":1,"href":"https:\/\/colombiaopina.com.co\/index.php\/wp-json\/wp\/v2\/posts\/5458\/revisions"}],"predecessor-version":[{"id":5461,"href":"https:\/\/colombiaopina.com.co\/index.php\/wp-json\/wp\/v2\/posts\/5458\/revisions\/5461"}],"wp:featuredmedia":[{"embeddable":true,"href":"https:\/\/colombiaopina.com.co\/index.php\/wp-json\/wp\/v2\/media\/5459"}],"wp:attachment":[{"href":"https:\/\/colombiaopina.com.co\/index.php\/wp-json\/wp\/v2\/media?parent=5458"}],"wp:term":[{"taxonomy":"category","embeddable":true,"href":"https:\/\/colombiaopina.com.co\/index.php\/wp-json\/wp\/v2\/categories?post=5458"},{"taxonomy":"post_tag","embeddable":true,"href":"https:\/\/colombiaopina.com.co\/index.php\/wp-json\/wp\/v2\/tags?post=5458"}],"curies":[{"name":"wp","href":"https:\/\/api.w.org\/{rel}","templated":true}]}}