{"id":5438,"date":"2024-06-14T07:18:05","date_gmt":"2024-06-14T12:18:05","guid":{"rendered":"https:\/\/colombiaopina.com.co\/?p=5438"},"modified":"2024-06-14T07:18:10","modified_gmt":"2024-06-14T12:18:10","slug":"uraba-antioqueno-se-proyecta-gobernador-propone-crear-un-area-metropolitana-para-impulsar-el-desarrollo-regional","status":"publish","type":"post","link":"https:\/\/colombiaopina.com.co\/index.php\/2024\/06\/14\/uraba-antioqueno-se-proyecta-gobernador-propone-crear-un-area-metropolitana-para-impulsar-el-desarrollo-regional\/","title":{"rendered":"Urab\u00e1 antioque\u00f1o se proyecta: Gobernador propone crear un \u00c1rea Metropolitana para impulsar el desarrollo regional"},"content":{"rendered":"<p>En un esfuerzo por fortalecer la integraci\u00f3n y el desarrollo de la subregi\u00f3n de Urab\u00e1, el gobernador de Antioquia, Andr\u00e9s Juli\u00e1n Rend\u00f3n, ha propuesto la creaci\u00f3n de un \u00c1rea Metropolitana que aglutine a los principales municipios del \u00e1rea. Esta iniciativa, presentada durante un reciente encuentro subregional, busca avanzar en proyectos conjuntos que beneficien a las comunidades de Turbo, Mutat\u00e1, Chigorod\u00f3, Carepa, Necocl\u00ed, Apartad\u00f3 y Arboletes.<br><\/p><p>El encuentro, que cont\u00f3 con la participaci\u00f3n de los alcaldes de estos municipios, sirvi\u00f3 como plataforma para discutir las necesidades m\u00e1s urgentes de la subregi\u00f3n. Entre los temas destacados, se abordaron las deficiencias en infraestructura vial y de servicios p\u00fablicos. Rend\u00f3n enfatiz\u00f3 la importancia de construir una red de acueducto y saneamiento b\u00e1sico como prioridad para los pr\u00f3ximos tres a\u00f1os y medio, subrayando que sin agua potable, el potencial tur\u00edstico y econ\u00f3mico de Urab\u00e1 se ve gravemente limitado.<br><\/p><p>El gobernador fue enf\u00e1tico en se\u00f1alar que la infraestructura vial es fundamental para el desarrollo de la regi\u00f3n. Aunque las obras de Mar 1 y Mar 2 est\u00e1n avanzando, mencion\u00f3 que la conectividad con v\u00edas terciarias es esencial para que las zonas rurales y los municipios circundantes se beneficien plenamente de estos proyectos. \u00abNo podemos permitir que estas obras se conviertan en un eje inconcluso. Necesitamos garantizar la conectividad de todas las \u00e1reas de Urab\u00e1\u00bb, afirm\u00f3 Rend\u00f3n.<br><\/p><figure class=\"wp-block-image size-full\"><img loading=\"lazy\" decoding=\"async\" width=\"946\" height=\"734\" src=\"https:\/\/colombiaopina.com.co\/wp-content\/uploads\/2024\/06\/URABA.jpeg\" alt=\"\" class=\"wp-image-5440\" srcset=\"https:\/\/colombiaopina.com.co\/wp-content\/uploads\/2024\/06\/URABA.jpeg 946w, https:\/\/colombiaopina.com.co\/wp-content\/uploads\/2024\/06\/URABA-300x233.jpeg 300w, https:\/\/colombiaopina.com.co\/wp-content\/uploads\/2024\/06\/URABA-768x596.jpeg 768w, https:\/\/colombiaopina.com.co\/wp-content\/uploads\/2024\/06\/URABA-150x116.jpeg 150w, https:\/\/colombiaopina.com.co\/wp-content\/uploads\/2024\/06\/URABA-696x540.jpeg 696w, https:\/\/colombiaopina.com.co\/wp-content\/uploads\/2024\/06\/URABA-600x466.jpeg 600w\" sizes=\"(max-width: 946px) 100vw, 946px\" \/><\/figure><p>Para financiar estos proyectos, el gobernador propuso un plan que incluye la utilizaci\u00f3n de recursos de regal\u00edas regionales, el Ocad Paz y el esquema de obras por impuestos. Sin embargo, Rend\u00f3n tambi\u00e9n plante\u00f3 la creaci\u00f3n de un \u00c1rea Metropolitana como una soluci\u00f3n a largo plazo para integrar de manera m\u00e1s efectiva a los municipios. Este organismo supramunicipal facilitar\u00eda la coordinaci\u00f3n en temas de planeaci\u00f3n, movilidad y medio ambiente, entre otros.<br><\/p><p>La propuesta de crear un \u00c1rea Metropolitana en Urab\u00e1 no es nueva. En 2016, durante la administraci\u00f3n del exgobernador Luis P\u00e9rez, ya se hab\u00eda discutido esta posibilidad, pero la iniciativa no prosper\u00f3 debido a los altos umbrales de participaci\u00f3n requeridos por la ley. Con las modificaciones legislativas de 2019, que redujeron estos umbrales, la idea ha vuelto a cobrar fuerza y promete ser un motor para el desarrollo de la subregi\u00f3n.<br><\/p><p>Los l\u00edderes locales y la C\u00e1mara de Comercio de Urab\u00e1 han manifestado su apoyo a esta iniciativa, reconociendo que la integraci\u00f3n regional es clave para aprovechar el potencial econ\u00f3mico y social de Urab\u00e1. Con esta nueva propuesta, el gobernador Rend\u00f3n espera sentar las bases para un futuro m\u00e1s pr\u00f3spero y cohesionado para todos los habitantes de esta importante regi\u00f3n de Antioquia.<\/p>","protected":false},"excerpt":{"rendered":"<p>En un esfuerzo por fortalecer la integraci\u00f3n y el desarrollo de la subregi\u00f3n de Urab\u00e1, el gobernador de Antioquia, Andr\u00e9s Juli\u00e1n Rend\u00f3n, ha propuesto la creaci\u00f3n de un \u00c1rea Metropolitana que aglutine a los principales municipios del \u00e1rea. Esta iniciativa, presentada durante un reciente encuentro subregional, busca avanzar en proyectos conjuntos que beneficien a las [&hellip;]<\/p>\n","protected":false},"author":4,"featured_media":5439,"comment_status":"open","ping_status":"open","sticky":false,"template":"","format":"standard","meta":{"tdm_status":"","tdm_grid_status":"","_jetpack_memberships_contains_paid_content":false,"footnotes":""},"categories":[38,39,89,42,80,151,84,50,86],"tags":[466,282,1721,133,93,513,200,772],"class_list":{"0":"post-5438","1":"post","2":"type-post","3":"status-publish","4":"format-standard","5":"has-post-thumbnail","7":"category-antioquia","8":"category-colombia","9":"category-economia","10":"category-educacion","11":"category-empresas","12":"category-gobernador","13":"category-obras","14":"category-opinion","15":"category-politica","16":"tag-andres-julian","17":"tag-antioquia","18":"tag-area","19":"tag-area-metropolitana","20":"tag-colombia","21":"tag-desarrollo","22":"tag-gobernador","23":"tag-uraba"},"jetpack_sharing_enabled":true,"jetpack_featured_media_url":"https:\/\/colombiaopina.com.co\/wp-content\/uploads\/2024\/06\/URABA2.jpeg","amp_enabled":true,"_links":{"self":[{"href":"https:\/\/colombiaopina.com.co\/index.php\/wp-json\/wp\/v2\/posts\/5438"}],"collection":[{"href":"https:\/\/colombiaopina.com.co\/index.php\/wp-json\/wp\/v2\/posts"}],"about":[{"href":"https:\/\/colombiaopina.com.co\/index.php\/wp-json\/wp\/v2\/types\/post"}],"author":[{"embeddable":true,"href":"https:\/\/colombiaopina.com.co\/index.php\/wp-json\/wp\/v2\/users\/4"}],"replies":[{"embeddable":true,"href":"https:\/\/colombiaopina.com.co\/index.php\/wp-json\/wp\/v2\/comments?post=5438"}],"version-history":[{"count":1,"href":"https:\/\/colombiaopina.com.co\/index.php\/wp-json\/wp\/v2\/posts\/5438\/revisions"}],"predecessor-version":[{"id":5441,"href":"https:\/\/colombiaopina.com.co\/index.php\/wp-json\/wp\/v2\/posts\/5438\/revisions\/5441"}],"wp:featuredmedia":[{"embeddable":true,"href":"https:\/\/colombiaopina.com.co\/index.php\/wp-json\/wp\/v2\/media\/5439"}],"wp:attachment":[{"href":"https:\/\/colombiaopina.com.co\/index.php\/wp-json\/wp\/v2\/media?parent=5438"}],"wp:term":[{"taxonomy":"category","embeddable":true,"href":"https:\/\/colombiaopina.com.co\/index.php\/wp-json\/wp\/v2\/categories?post=5438"},{"taxonomy":"post_tag","embeddable":true,"href":"https:\/\/colombiaopina.com.co\/index.php\/wp-json\/wp\/v2\/tags?post=5438"}],"curies":[{"name":"wp","href":"https:\/\/api.w.org\/{rel}","templated":true}]}}