{"id":5259,"date":"2024-06-11T07:46:04","date_gmt":"2024-06-11T12:46:04","guid":{"rendered":"https:\/\/colombiaopina.com.co\/?p=5259"},"modified":"2024-06-11T07:58:22","modified_gmt":"2024-06-11T12:58:22","slug":"analdex-prohibicion-de-exportaciones-de-carbon-a-israel-viola-la-constitucion-y-el-pnd","status":"publish","type":"post","link":"https:\/\/colombiaopina.com.co\/index.php\/2024\/06\/11\/analdex-prohibicion-de-exportaciones-de-carbon-a-israel-viola-la-constitucion-y-el-pnd\/","title":{"rendered":"Analdex advierte que prohibici\u00f3n de exportar carb\u00f3n a Israel viola Constituci\u00f3n y PND"},"content":{"rendered":"<p>La Asociaci\u00f3n Nacional de Comercio Exterior (Analdex) ha expresado su firme oposici\u00f3n al decreto del gobierno colombiano que busca prohibir las exportaciones de carb\u00f3n a Israel. Seg\u00fan Analdex, esta medida no solo viola la Constituci\u00f3n Pol\u00edtica y el Plan Nacional de Desarrollo (PND), sino que tambi\u00e9n carece de fundamento en la pol\u00edtica comercial, bas\u00e1ndose en consideraciones morales que no est\u00e1n reguladas por la legislaci\u00f3n colombiana en materia de aduanas y comercio exterior.<\/p><p>Javier D\u00edaz Molina, presidente de Analdex, declar\u00f3: \u00abEl proyecto de decreto por el cual se establece una prohibici\u00f3n a las exportaciones de carb\u00f3n a Israel es violatorio de la Constituci\u00f3n y del Plan Nacional de Desarrollo, cruzando varias l\u00edneas rojas. Esta medida no se ajusta al mandato constitucional ni se basa en una raz\u00f3n de pol\u00edtica comercial\u201d.<\/p><p><strong>Impactos econ\u00f3micos y comerciales<br><\/strong><\/p><p>La medida podr\u00eda tener repercusiones significativas para las relaciones comerciales entre Colombia e Israel. En 2023, Colombia export\u00f3 carb\u00f3n a Israel por un valor de 447 millones de d\u00f3lares, una ca\u00edda del 57% en comparaci\u00f3n con 2022, cuando las exportaciones superaron los 1.000 millones de d\u00f3lares, seg\u00fan cifras del Dane. Entre enero y abril de 2024, las exportaciones de carb\u00f3n a Israel fueron de 88 millones de d\u00f3lares, un descenso del 62,3% respecto al mismo per\u00edodo del a\u00f1o anterior.<br><\/p><p>D\u00edaz Molina argument\u00f3 que el decreto se basa en una medida moral no contemplada en la legislaci\u00f3n colombiana para asuntos de aduanas y comercio exterior. \u201cEl proyecto no se ajusta a lo previsto en la norma y dicha disposici\u00f3n solo aplicar\u00eda en el caso de las importaciones, no para el campo de las exportaciones. Adem\u00e1s, esto es violatorio del Tratado de Libre Comercio (TLC) que tenemos suscrito con Israel, que cumple cuatro a\u00f1os de vigencia el pr\u00f3ximo 11 de agosto\u201d, afirm\u00f3.<br><\/p><p>Seg\u00fan TradeMap, Israel import\u00f3 cerca de 107.000 millones de d\u00f3lares en diversos productos, de los cuales casi 2.000 millones de d\u00f3lares correspondieron a carb\u00f3n. La relaci\u00f3n comercial entre Colombia e Israel ya ha mostrado signos de tensi\u00f3n, con las compras realizadas por el sector Defensa de Colombia a Israel cayendo un 84,8% en 2023 en comparaci\u00f3n con 2022.<br><\/p><figure class=\"wp-block-image size-full\"><img loading=\"lazy\" decoding=\"async\" width=\"650\" height=\"488\" src=\"https:\/\/colombiaopina.com.co\/wp-content\/uploads\/2024\/06\/ISRAEL1.jpeg\" alt=\"\" class=\"wp-image-5261\" srcset=\"https:\/\/colombiaopina.com.co\/wp-content\/uploads\/2024\/06\/ISRAEL1.jpeg 650w, https:\/\/colombiaopina.com.co\/wp-content\/uploads\/2024\/06\/ISRAEL1-300x225.jpeg 300w, https:\/\/colombiaopina.com.co\/wp-content\/uploads\/2024\/06\/ISRAEL1-150x113.jpeg 150w, https:\/\/colombiaopina.com.co\/wp-content\/uploads\/2024\/06\/ISRAEL1-265x198.jpeg 265w, https:\/\/colombiaopina.com.co\/wp-content\/uploads\/2024\/06\/ISRAEL1-600x450.jpeg 600w\" sizes=\"(max-width: 650px) 100vw, 650px\" \/><\/figure><p><strong>Consideraciones legales y comerciales<\/strong><\/p><p>Analdex advierte que la medida del gobierno colombiano podr\u00eda enfrentar desaf\u00edos legales debido a su incompatibilidad con la Constituci\u00f3n y el PND, as\u00ed como con los compromisos internacionales de Colombia, como el TLC con Israel. La organizaci\u00f3n sugiere que las decisiones de pol\u00edtica comercial deben basarse en fundamentos legales y econ\u00f3micos s\u00f3lidos, en lugar de consideraciones morales que no est\u00e1n reguladas por la legislaci\u00f3n vigente.<br><br>La prohibici\u00f3n de exportaciones de carb\u00f3n a Israel podr\u00eda tener un impacto negativo en la econom\u00eda colombiana y en las relaciones bilaterales, y Analdex insta al gobierno a reconsiderar esta medida y a buscar soluciones que no violen los marcos legales y comerciales establecidos.\u2028\u2028<\/p>","protected":false},"excerpt":{"rendered":"<p>La Asociaci\u00f3n Nacional de Comercio Exterior (Analdex) ha expresado su firme oposici\u00f3n al decreto del gobierno colombiano que busca prohibir las exportaciones de carb\u00f3n a Israel. Seg\u00fan Analdex, esta medida no solo viola la Constituci\u00f3n Pol\u00edtica y el Plan Nacional de Desarrollo (PND), sino que tambi\u00e9n carece de fundamento en la pol\u00edtica comercial, bas\u00e1ndose en [&hellip;]<\/p>\n","protected":false},"author":4,"featured_media":5260,"comment_status":"open","ping_status":"open","sticky":false,"template":"","format":"standard","meta":{"tdm_status":"","tdm_grid_status":"","_jetpack_memberships_contains_paid_content":false,"footnotes":""},"categories":[39,89,46,53,50,103,86],"tags":[1673,1670,93,758,1085,227,846,1672,135],"class_list":{"0":"post-5259","1":"post","2":"type-post","3":"status-publish","4":"format-standard","5":"has-post-thumbnail","7":"category-colombia","8":"category-economia","9":"category-gobierno","10":"category-internacional","11":"category-opinion","12":"category-petro","13":"category-politica","14":"tag-analdex","15":"tag-carbon","16":"tag-colombia","17":"tag-constitucion","18":"tag-exportacion","19":"tag-gobierno","20":"tag-israel","21":"tag-pdn","22":"tag-petro"},"jetpack_sharing_enabled":true,"jetpack_featured_media_url":"https:\/\/colombiaopina.com.co\/wp-content\/uploads\/2024\/06\/ISREAL.jpeg","amp_enabled":true,"_links":{"self":[{"href":"https:\/\/colombiaopina.com.co\/index.php\/wp-json\/wp\/v2\/posts\/5259"}],"collection":[{"href":"https:\/\/colombiaopina.com.co\/index.php\/wp-json\/wp\/v2\/posts"}],"about":[{"href":"https:\/\/colombiaopina.com.co\/index.php\/wp-json\/wp\/v2\/types\/post"}],"author":[{"embeddable":true,"href":"https:\/\/colombiaopina.com.co\/index.php\/wp-json\/wp\/v2\/users\/4"}],"replies":[{"embeddable":true,"href":"https:\/\/colombiaopina.com.co\/index.php\/wp-json\/wp\/v2\/comments?post=5259"}],"version-history":[{"count":2,"href":"https:\/\/colombiaopina.com.co\/index.php\/wp-json\/wp\/v2\/posts\/5259\/revisions"}],"predecessor-version":[{"id":5275,"href":"https:\/\/colombiaopina.com.co\/index.php\/wp-json\/wp\/v2\/posts\/5259\/revisions\/5275"}],"wp:featuredmedia":[{"embeddable":true,"href":"https:\/\/colombiaopina.com.co\/index.php\/wp-json\/wp\/v2\/media\/5260"}],"wp:attachment":[{"href":"https:\/\/colombiaopina.com.co\/index.php\/wp-json\/wp\/v2\/media?parent=5259"}],"wp:term":[{"taxonomy":"category","embeddable":true,"href":"https:\/\/colombiaopina.com.co\/index.php\/wp-json\/wp\/v2\/categories?post=5259"},{"taxonomy":"post_tag","embeddable":true,"href":"https:\/\/colombiaopina.com.co\/index.php\/wp-json\/wp\/v2\/tags?post=5259"}],"curies":[{"name":"wp","href":"https:\/\/api.w.org\/{rel}","templated":true}]}}