{"id":5255,"date":"2024-06-11T07:42:45","date_gmt":"2024-06-11T12:42:45","guid":{"rendered":"https:\/\/colombiaopina.com.co\/?p=5255"},"modified":"2024-06-11T07:58:58","modified_gmt":"2024-06-11T12:58:58","slug":"colombia-decreta-la-prohibicion-de-exportaciones-de-carbon-a-israel","status":"publish","type":"post","link":"https:\/\/colombiaopina.com.co\/index.php\/2024\/06\/11\/colombia-decreta-la-prohibicion-de-exportaciones-de-carbon-a-israel\/","title":{"rendered":"Colombia suspende exportaciones de carb\u00f3n a Israel en respuesta a situaci\u00f3n en Gaza"},"content":{"rendered":"<p>En un movimiento alineado con la postura del gobierno del presidente Gustavo Petro respecto a la Guerra en Gaza, el Ministerio de Comercio, Industria y Turismo de Colombia ha emitido un decreto que proh\u00edbe las exportaciones de carb\u00f3n a Israel. Esta medida, formalizada en el Decreto de 2024, restringe espec\u00edficamente la exportaci\u00f3n de hullas y briquetas (carb\u00f3n) clasificadas bajo la subpartida arancelaria 2701.12.00.10.<\/p><p>El decreto proh\u00edbe las exportaciones de carb\u00f3n colombiano a Israel en cumplimiento con las \u00f3rdenes provisionales de la Corte Internacional de Justicia, emitidas en el contexto del caso sobre la aplicaci\u00f3n de la Convenci\u00f3n para la Prevenci\u00f3n y la Sanci\u00f3n del Delito de Genocidio en la Franja de Gaza (Sud\u00e1frica c. Israel).<\/p><p><strong>Excepciones a la prohibici\u00f3n<br><\/strong><\/p><p>El decreto incluye ciertas excepciones a la prohibici\u00f3n. Estas excepciones no se aplicar\u00e1n a:<\/p><ol class=\"wp-block-list\"><li>Mercanc\u00edas que, antes de la entrada en vigencia del decreto, ya cuenten con una Solicitud de Autorizaci\u00f3n de Embarque aceptada por la DIAN, o un Formulario de Movimiento de Mercanc\u00edas autorizado por el usuario operador.<\/li>\n\n<li>Sociedades de Comercializaci\u00f3n Internacional autorizadas que hayan expedido el Certificado al Proveedor antes de la entrada en vigencia del decreto.<\/li>\n\n<li>Negocios jur\u00eddicos perfeccionados hasta el 30 de abril de 2024, que generen una expectativa leg\u00edtima o una situaci\u00f3n jur\u00eddica consolidada para el exportador.<\/li><\/ol><figure class=\"wp-block-image size-full\"><img loading=\"lazy\" decoding=\"async\" width=\"650\" height=\"488\" src=\"https:\/\/colombiaopina.com.co\/wp-content\/uploads\/2024\/06\/PETRO-ISRAEL1.jpeg\" alt=\"\" class=\"wp-image-5256\" srcset=\"https:\/\/colombiaopina.com.co\/wp-content\/uploads\/2024\/06\/PETRO-ISRAEL1.jpeg 650w, https:\/\/colombiaopina.com.co\/wp-content\/uploads\/2024\/06\/PETRO-ISRAEL1-300x225.jpeg 300w, https:\/\/colombiaopina.com.co\/wp-content\/uploads\/2024\/06\/PETRO-ISRAEL1-150x113.jpeg 150w, https:\/\/colombiaopina.com.co\/wp-content\/uploads\/2024\/06\/PETRO-ISRAEL1-265x198.jpeg 265w, https:\/\/colombiaopina.com.co\/wp-content\/uploads\/2024\/06\/PETRO-ISRAEL1-600x450.jpeg 600w\" sizes=\"(max-width: 650px) 100vw, 650px\" \/><\/figure><p>Para beneficiarse de estas excepciones, los exportadores deber\u00e1n seguir un procedimiento espec\u00edfico que incluye:<br><\/p><ul class=\"wp-block-list\"><li>Presentaci\u00f3n de documentos acreditativos, como contratos, facturas y \u00f3rdenes de pedido o compra, ante el Ministerio de Comercio, Industria y Turismo.<\/li>\n\n<li>Verificaci\u00f3n por parte del Ministerio, la Agencia Nacional de Miner\u00eda y la DIAN para evaluar la existencia de la expectativa leg\u00edtima o situaci\u00f3n jur\u00eddica consolidada.<\/li>\n\n<li>Notificaci\u00f3n por parte del Ministerio al exportador sobre el reconocimiento de los negocios jur\u00eddicos perfeccionados, los cuales podr\u00e1n ser utilizados como soporte obligatorio para la Solicitud de Autorizaci\u00f3n de Embarque.<br><\/li><\/ul><p>El decreto entrar\u00e1 en vigor cinco d\u00edas calendario despu\u00e9s de su publicaci\u00f3n en el Diario Oficial y permanecer\u00e1 vigente hasta que se cumplan plenamente las medidas provisionales ordenadas por la Corte Internacional de Justicia.<br><br>Esta decisi\u00f3n del gobierno colombiano refleja una postura firme en apoyo a las resoluciones internacionales y busca influir en la situaci\u00f3n en Gaza mediante la presi\u00f3n econ\u00f3mica sobre Israel. La medida ha generado diversas reacciones y se espera que tenga implicaciones significativas tanto en el \u00e1mbito diplom\u00e1tico como en el sector exportador de carb\u00f3n en Colombia.\u2028\u2028\u2028<\/p>","protected":false},"excerpt":{"rendered":"<p>En un movimiento alineado con la postura del gobierno del presidente Gustavo Petro respecto a la Guerra en Gaza, el Ministerio de Comercio, Industria y Turismo de Colombia ha emitido un decreto que proh\u00edbe las exportaciones de carb\u00f3n a Israel. Esta medida, formalizada en el Decreto de 2024, restringe espec\u00edficamente la exportaci\u00f3n de hullas y [&hellip;]<\/p>\n","protected":false},"author":4,"featured_media":5257,"comment_status":"open","ping_status":"open","sticky":false,"template":"","format":"standard","meta":{"tdm_status":"","tdm_grid_status":"","_jetpack_memberships_contains_paid_content":false,"footnotes":""},"categories":[39,89,46,50,103,86],"tags":[1670,93,227,846,135,1671],"class_list":{"0":"post-5255","1":"post","2":"type-post","3":"status-publish","4":"format-standard","5":"has-post-thumbnail","7":"category-colombia","8":"category-economia","9":"category-gobierno","10":"category-opinion","11":"category-petro","12":"category-politica","13":"tag-carbon","14":"tag-colombia","15":"tag-gobierno","16":"tag-israel","17":"tag-petro","18":"tag-prohibicion"},"jetpack_sharing_enabled":true,"jetpack_featured_media_url":"https:\/\/colombiaopina.com.co\/wp-content\/uploads\/2024\/06\/PETRO-ISRAEL.jpeg","amp_enabled":true,"_links":{"self":[{"href":"https:\/\/colombiaopina.com.co\/index.php\/wp-json\/wp\/v2\/posts\/5255"}],"collection":[{"href":"https:\/\/colombiaopina.com.co\/index.php\/wp-json\/wp\/v2\/posts"}],"about":[{"href":"https:\/\/colombiaopina.com.co\/index.php\/wp-json\/wp\/v2\/types\/post"}],"author":[{"embeddable":true,"href":"https:\/\/colombiaopina.com.co\/index.php\/wp-json\/wp\/v2\/users\/4"}],"replies":[{"embeddable":true,"href":"https:\/\/colombiaopina.com.co\/index.php\/wp-json\/wp\/v2\/comments?post=5255"}],"version-history":[{"count":2,"href":"https:\/\/colombiaopina.com.co\/index.php\/wp-json\/wp\/v2\/posts\/5255\/revisions"}],"predecessor-version":[{"id":5276,"href":"https:\/\/colombiaopina.com.co\/index.php\/wp-json\/wp\/v2\/posts\/5255\/revisions\/5276"}],"wp:featuredmedia":[{"embeddable":true,"href":"https:\/\/colombiaopina.com.co\/index.php\/wp-json\/wp\/v2\/media\/5257"}],"wp:attachment":[{"href":"https:\/\/colombiaopina.com.co\/index.php\/wp-json\/wp\/v2\/media?parent=5255"}],"wp:term":[{"taxonomy":"category","embeddable":true,"href":"https:\/\/colombiaopina.com.co\/index.php\/wp-json\/wp\/v2\/categories?post=5255"},{"taxonomy":"post_tag","embeddable":true,"href":"https:\/\/colombiaopina.com.co\/index.php\/wp-json\/wp\/v2\/tags?post=5255"}],"curies":[{"name":"wp","href":"https:\/\/api.w.org\/{rel}","templated":true}]}}