{"id":5044,"date":"2024-06-05T07:52:27","date_gmt":"2024-06-05T12:52:27","guid":{"rendered":"https:\/\/colombiaopina.com.co\/?p=5044"},"modified":"2024-06-05T07:52:29","modified_gmt":"2024-06-05T12:52:29","slug":"detienen-a-el-wilpro-influenciador-acusado-de-abusar-de-menores-en-colegios-de-medellin","status":"publish","type":"post","link":"https:\/\/colombiaopina.com.co\/index.php\/2024\/06\/05\/detienen-a-el-wilpro-influenciador-acusado-de-abusar-de-menores-en-colegios-de-medellin\/","title":{"rendered":"Detienen a El Wilpro, influenciador acusado de abusar de menores en colegios de Medell\u00edn"},"content":{"rendered":"<p><strong>El oscuro reto de \u2018El Wilpro\u2019: abuso y manipulaci\u00f3n en instituciones educativas<\/strong><\/p><p>Las autoridades de Medell\u00edn han capturado a un supuesto influenciador conocido como \u2018El Wilpro\u2019, oriundo de Acac\u00edas, Meta, acusado de inducir a menores de edad a pr\u00e1cticas abusivas bajo la excusa de retos virales. Este individuo de 20 a\u00f1os, cuyo verdadero nombre no ha sido revelado, ingresaba sin autorizaci\u00f3n a diversas instituciones educativas entre febrero y marzo de este a\u00f1o.<\/p><p><strong><br>El modus operandi del influenciador<\/strong><\/p><p>\u2018El Wilpro\u2019 aprovechaba su presencia en redes sociales para atraer a los estudiantes con un supuesto reto denominado \u00absemana inglesa\u00bb. Este reto implicaba actividades peligrosas y humillantes, como forzar a los menores a golpearse, ridiculizarse y besarse entre ellos. El objetivo del influenciador era grabar estos actos y publicarlos en sus plataformas digitales, lo que le permit\u00eda ganar seguidores y lucrarse econ\u00f3micamente.<\/p><p><strong><br>Las denuncias y la investigaci\u00f3n<\/strong><\/p><p>La situaci\u00f3n despert\u00f3 la alarma entre los directivos de los colegios afectados, quienes presentaron quejas formales ante la Secretar\u00eda de Seguridad de Medell\u00edn. La intervenci\u00f3n de las autoridades fue crucial para iniciar las acciones judiciales correspondientes. La Fiscal\u00eda General de la Naci\u00f3n realiz\u00f3 nueve entrevistas forenses a v\u00edctimas de entre 13 y 15 a\u00f1os, activando la ruta de restablecimiento de derechos para los afectados.<\/p><figure class=\"wp-block-image size-full\"><img loading=\"lazy\" decoding=\"async\" width=\"768\" height=\"780\" src=\"https:\/\/colombiaopina.com.co\/wp-content\/uploads\/2024\/06\/WILPRO.jpeg\" alt=\"\" class=\"wp-image-5046\" srcset=\"https:\/\/colombiaopina.com.co\/wp-content\/uploads\/2024\/06\/WILPRO.jpeg 768w, https:\/\/colombiaopina.com.co\/wp-content\/uploads\/2024\/06\/WILPRO-295x300.jpeg 295w, https:\/\/colombiaopina.com.co\/wp-content\/uploads\/2024\/06\/WILPRO-150x152.jpeg 150w, https:\/\/colombiaopina.com.co\/wp-content\/uploads\/2024\/06\/WILPRO-300x305.jpeg 300w, https:\/\/colombiaopina.com.co\/wp-content\/uploads\/2024\/06\/WILPRO-696x707.jpeg 696w, https:\/\/colombiaopina.com.co\/wp-content\/uploads\/2024\/06\/WILPRO-600x609.jpeg 600w\" sizes=\"(max-width: 768px) 100vw, 768px\" \/><\/figure><p><strong><br>Repercusiones legales y sociales<\/strong><\/p><p>El Secretario de Seguridad y Convivencia de Medell\u00edn, Manuel Villa Mej\u00eda, indic\u00f3 que \u2018El Wilpro\u2019 planeaba sus visitas a la ciudad meticulosamente, burlando las medidas de seguridad de los colegios. Tras su captura en Acac\u00edas, se solicit\u00f3 la cancelaci\u00f3n de sus cuentas en redes sociales, aunque estas permanecen activas hasta el momento. A pesar de la gravedad de los hechos, el influenciador fue cobijado con medida de detenci\u00f3n domiciliaria mientras avanza su proceso judicial.<\/p><p>Este caso ha generado una profunda preocupaci\u00f3n en la comunidad educativa y entre los padres de familia, quienes exigen medidas m\u00e1s estrictas para proteger a los menores de edad de este tipo de influencias negativas. Las autoridades contin\u00faan investigando si \u2018El Wilpro\u2019 utiliz\u00f3 m\u00e9todos similares en otras regiones del pa\u00eds.<\/p>","protected":false},"excerpt":{"rendered":"<p>El oscuro reto de \u2018El Wilpro\u2019: abuso y manipulaci\u00f3n en instituciones educativas Las autoridades de Medell\u00edn han capturado a un supuesto influenciador conocido como \u2018El Wilpro\u2019, oriundo de Acac\u00edas, Meta, acusado de inducir a menores de edad a pr\u00e1cticas abusivas bajo la excusa de retos virales. Este individuo de 20 a\u00f1os, cuyo verdadero nombre no [&hellip;]<\/p>\n","protected":false},"author":4,"featured_media":5045,"comment_status":"open","ping_status":"open","sticky":false,"template":"","format":"standard","meta":{"tdm_status":"","tdm_grid_status":"","_jetpack_memberships_contains_paid_content":false,"footnotes":""},"categories":[38,109,39,105,54,110,41],"tags":[282,1409,93,1614,421,240,65],"class_list":{"0":"post-5044","1":"post","2":"type-post","3":"status-publish","4":"format-standard","5":"has-post-thumbnail","7":"category-antioquia","8":"category-captura","9":"category-colombia","10":"category-fiscalia","11":"category-medellin","12":"category-policia","13":"category-seguridad","14":"tag-antioquia","15":"tag-colegios","16":"tag-colombia","17":"tag-el-wilpro","18":"tag-influencer","19":"tag-menores","20":"tag-seguridad"},"jetpack_sharing_enabled":true,"jetpack_featured_media_url":"https:\/\/colombiaopina.com.co\/wp-content\/uploads\/2024\/06\/WLPRO.jpeg","amp_enabled":true,"_links":{"self":[{"href":"https:\/\/colombiaopina.com.co\/index.php\/wp-json\/wp\/v2\/posts\/5044"}],"collection":[{"href":"https:\/\/colombiaopina.com.co\/index.php\/wp-json\/wp\/v2\/posts"}],"about":[{"href":"https:\/\/colombiaopina.com.co\/index.php\/wp-json\/wp\/v2\/types\/post"}],"author":[{"embeddable":true,"href":"https:\/\/colombiaopina.com.co\/index.php\/wp-json\/wp\/v2\/users\/4"}],"replies":[{"embeddable":true,"href":"https:\/\/colombiaopina.com.co\/index.php\/wp-json\/wp\/v2\/comments?post=5044"}],"version-history":[{"count":1,"href":"https:\/\/colombiaopina.com.co\/index.php\/wp-json\/wp\/v2\/posts\/5044\/revisions"}],"predecessor-version":[{"id":5047,"href":"https:\/\/colombiaopina.com.co\/index.php\/wp-json\/wp\/v2\/posts\/5044\/revisions\/5047"}],"wp:featuredmedia":[{"embeddable":true,"href":"https:\/\/colombiaopina.com.co\/index.php\/wp-json\/wp\/v2\/media\/5045"}],"wp:attachment":[{"href":"https:\/\/colombiaopina.com.co\/index.php\/wp-json\/wp\/v2\/media?parent=5044"}],"wp:term":[{"taxonomy":"category","embeddable":true,"href":"https:\/\/colombiaopina.com.co\/index.php\/wp-json\/wp\/v2\/categories?post=5044"},{"taxonomy":"post_tag","embeddable":true,"href":"https:\/\/colombiaopina.com.co\/index.php\/wp-json\/wp\/v2\/tags?post=5044"}],"curies":[{"name":"wp","href":"https:\/\/api.w.org\/{rel}","templated":true}]}}