{"id":4780,"date":"2024-05-28T07:24:38","date_gmt":"2024-05-28T12:24:38","guid":{"rendered":"https:\/\/colombiaopina.com.co\/?p=4780"},"modified":"2024-05-28T07:24:39","modified_gmt":"2024-05-28T12:24:39","slug":"caos-y-desordenes-en-el-servicio-farmaceutico-de-savia-salud-en-medellin-por-escasez-de-medicamentos","status":"publish","type":"post","link":"https:\/\/colombiaopina.com.co\/index.php\/2024\/05\/28\/caos-y-desordenes-en-el-servicio-farmaceutico-de-savia-salud-en-medellin-por-escasez-de-medicamentos\/","title":{"rendered":"Caos y des\u00f3rdenes en el servicio farmac\u00e9utico de savia salud en Medell\u00edn por escasez de medicamentos"},"content":{"rendered":"<p>El servicio farmac\u00e9utico de Savia Salud en Medell\u00edn se vio envuelto en una jornada de caos y des\u00f3rdenes este lunes, cuando una multitud de pacientes, muchos de ellos adultos mayores, se encontraron con la noticia de que no habr\u00eda suficientes medicamentos disponibles. Los incidentes ocurrieron en el nuevo punto de dispensaci\u00f3n de la EPS, ubicado en la Avenida Las Vegas, generando una situaci\u00f3n de tensi\u00f3n y enfrentamientos.<br><\/p><p>Desde las primeras horas de la ma\u00f1ana, cientos de afiliados se congregaron en el lugar con la esperanza de obtener sus medicamentos, algunos llegando desde las 4:00 de la madrugada para adelantarse a las largas filas. Sin embargo, la capacidad de la sala de espera fue r\u00e1pidamente superada, y la situaci\u00f3n se torn\u00f3 insostenible cuando muchos de los pacientes recibieron respuestas negativas sobre la disponibilidad de sus tratamientos.<br><\/p><p>Ante la escasez de medicamentos, los \u00e1nimos se caldearon y se desat\u00f3 un forcejeo entre los pacientes y el personal de la entidad. La Polic\u00eda Nacional tuvo que intervenir para controlar la situaci\u00f3n y regular el acceso al punto de dispensaci\u00f3n. Este incidente refleja una crisis recurrente en Savia Salud, especialmente tras la intervenci\u00f3n del Gobierno Nacional el a\u00f1o pasado y el reciente cambio de operador para la entrega de medicamentos.<br><\/p><p>La falta de medicamentos afecta gravemente a 727.000 usuarios de Savia Salud EPS en el Valle de Aburr\u00e1, incluyendo a pacientes con enfermedades de alto costo como hemofilia, VIH y trastornos psiqui\u00e1tricos. En febrero de este a\u00f1o, la Personer\u00eda de Medell\u00edn y la Secretar\u00eda de Salud de Antioquia ya hab\u00edan emitido alertas sobre las constantes fallas en la entrega de medicamentos, denunciando que el 43% de los afiliados se ve\u00edan perjudicados.<br><\/p><figure class=\"wp-block-image size-full\"><img loading=\"lazy\" decoding=\"async\" width=\"780\" height=\"565\" src=\"https:\/\/colombiaopina.com.co\/wp-content\/uploads\/2024\/05\/SAVIA1.jpeg\" alt=\"\" class=\"wp-image-4782\" srcset=\"https:\/\/colombiaopina.com.co\/wp-content\/uploads\/2024\/05\/SAVIA1.jpeg 780w, https:\/\/colombiaopina.com.co\/wp-content\/uploads\/2024\/05\/SAVIA1-300x217.jpeg 300w, https:\/\/colombiaopina.com.co\/wp-content\/uploads\/2024\/05\/SAVIA1-768x556.jpeg 768w, https:\/\/colombiaopina.com.co\/wp-content\/uploads\/2024\/05\/SAVIA1-150x109.jpeg 150w, https:\/\/colombiaopina.com.co\/wp-content\/uploads\/2024\/05\/SAVIA1-696x504.jpeg 696w, https:\/\/colombiaopina.com.co\/wp-content\/uploads\/2024\/05\/SAVIA1-600x435.jpeg 600w\" sizes=\"(max-width: 780px) 100vw, 780px\" \/><\/figure><p>Jos\u00e9 Orlando Ca\u00f1ola, un paciente diagnosticado con EPOC y oxigenodependiente, expres\u00f3 su desesperaci\u00f3n al recibir solo una tercera parte de su tratamiento. \u00abQu\u00e9 me gano yo con hacerme los ex\u00e1menes si cuando uno viene por los medicamentos que le mandan los m\u00e9dicos dicen que no los hay\u00bb, reproch\u00f3, reflejando el sentimiento de muchos usuarios.<br><\/p><p>El cambio de operador, efectivo desde el 1 de febrero, ha agravado la situaci\u00f3n. A pesar de las promesas de mejora, los indicadores de gesti\u00f3n de Savia Salud se han deteriorado, seg\u00fan el exgobernador de Antioquia, An\u00edbal Gaviria. La administraci\u00f3n actual de Medell\u00edn y Antioquia ha manifestado su disposici\u00f3n a reactivar las conversaciones para inyectar recursos a la EPS y evitar su liquidaci\u00f3n.<br><\/p><p>Savia Salud no ha emitido un pronunciamiento oficial sobre los des\u00f3rdenes de este lunes. La comunidad espera que se tomen medidas urgentes para garantizar la disponibilidad de medicamentos y mejorar el servicio farmac\u00e9utico, crucial para miles de usuarios en la regi\u00f3n.<\/p>","protected":false},"excerpt":{"rendered":"<p>El servicio farmac\u00e9utico de Savia Salud en Medell\u00edn se vio envuelto en una jornada de caos y des\u00f3rdenes este lunes, cuando una multitud de pacientes, muchos de ellos adultos mayores, se encontraron con la noticia de que no habr\u00eda suficientes medicamentos disponibles. Los incidentes ocurrieron en el nuevo punto de dispensaci\u00f3n de la EPS, ubicado [&hellip;]<\/p>\n","protected":false},"author":4,"featured_media":4781,"comment_status":"open","ping_status":"open","sticky":false,"template":"","format":"standard","meta":{"tdm_status":"","tdm_grid_status":"","_jetpack_memberships_contains_paid_content":false,"footnotes":""},"categories":[38,45,54,60],"tags":[282,93,524,62,762,182,1561],"class_list":{"0":"post-4780","1":"post","2":"type-post","3":"status-publish","4":"format-standard","5":"has-post-thumbnail","7":"category-antioquia","8":"category-emergencias","9":"category-medellin","10":"category-salud","11":"tag-antioquia","12":"tag-colombia","13":"tag-escasez","14":"tag-medellin","15":"tag-medicamentos","16":"tag-salud","17":"tag-savia"},"jetpack_sharing_enabled":true,"jetpack_featured_media_url":"https:\/\/colombiaopina.com.co\/wp-content\/uploads\/2024\/05\/SAVIA.jpeg","amp_enabled":true,"_links":{"self":[{"href":"https:\/\/colombiaopina.com.co\/index.php\/wp-json\/wp\/v2\/posts\/4780"}],"collection":[{"href":"https:\/\/colombiaopina.com.co\/index.php\/wp-json\/wp\/v2\/posts"}],"about":[{"href":"https:\/\/colombiaopina.com.co\/index.php\/wp-json\/wp\/v2\/types\/post"}],"author":[{"embeddable":true,"href":"https:\/\/colombiaopina.com.co\/index.php\/wp-json\/wp\/v2\/users\/4"}],"replies":[{"embeddable":true,"href":"https:\/\/colombiaopina.com.co\/index.php\/wp-json\/wp\/v2\/comments?post=4780"}],"version-history":[{"count":1,"href":"https:\/\/colombiaopina.com.co\/index.php\/wp-json\/wp\/v2\/posts\/4780\/revisions"}],"predecessor-version":[{"id":4783,"href":"https:\/\/colombiaopina.com.co\/index.php\/wp-json\/wp\/v2\/posts\/4780\/revisions\/4783"}],"wp:featuredmedia":[{"embeddable":true,"href":"https:\/\/colombiaopina.com.co\/index.php\/wp-json\/wp\/v2\/media\/4781"}],"wp:attachment":[{"href":"https:\/\/colombiaopina.com.co\/index.php\/wp-json\/wp\/v2\/media?parent=4780"}],"wp:term":[{"taxonomy":"category","embeddable":true,"href":"https:\/\/colombiaopina.com.co\/index.php\/wp-json\/wp\/v2\/categories?post=4780"},{"taxonomy":"post_tag","embeddable":true,"href":"https:\/\/colombiaopina.com.co\/index.php\/wp-json\/wp\/v2\/tags?post=4780"}],"curies":[{"name":"wp","href":"https:\/\/api.w.org\/{rel}","templated":true}]}}