{"id":4637,"date":"2024-05-23T11:17:26","date_gmt":"2024-05-23T16:17:26","guid":{"rendered":"https:\/\/colombiaopina.com.co\/?p=4637"},"modified":"2024-05-23T11:17:28","modified_gmt":"2024-05-23T16:17:28","slug":"gobernacion-de-antioquia-y-sena-unen-fuerzas-para-mejorar-sistemas-productivos-en-el-campo-antioqueno","status":"publish","type":"post","link":"https:\/\/colombiaopina.com.co\/index.php\/2024\/05\/23\/gobernacion-de-antioquia-y-sena-unen-fuerzas-para-mejorar-sistemas-productivos-en-el-campo-antioqueno\/","title":{"rendered":"Gobernaci\u00f3n de Antioquia y SENA unen fuerzas para mejorar sistemas productivos en el campo antioque\u00f1o"},"content":{"rendered":"<p>La Secretar\u00eda de Agricultura y Desarrollo Rural de Antioquia y el SENA han firmado un convenio estrat\u00e9gico que busca impulsar el desarrollo del campo antioque\u00f1o, beneficiando a productores de las econom\u00edas campesina, familiar y comunitaria. Esta colaboraci\u00f3n, que incluye capacitaci\u00f3n, acompa\u00f1amiento, asesor\u00eda y transferencia tecnol\u00f3gica, se integra a las estrategias departamentales para mitigar el hambre, especialmente entre la ni\u00f1ez, adultos mayores y madres gestantes.<br><\/p><p>Rosa Acevedo, secretaria de Agricultura de Antioquia, destac\u00f3 la importancia de este convenio, que estar\u00e1 alineado con las pol\u00edticas del Plan de Desarrollo para la mitigaci\u00f3n del hambre. \u00abEste convenio incluye un trabajo en equipo al interior de la Gobernaci\u00f3n con las diferentes secretar\u00edas para conocer las necesidades de alimentaci\u00f3n en las diferentes subregiones, adaptando los cultivos a estas necesidades y abordando la inquietud de los campesinos sobre la comercializaci\u00f3n de sus productos\u00bb, explic\u00f3 Acevedo.<br><\/p><p>Con esta alianza, Antioquia inicia un proceso de apoyo y fortalecimiento para peque\u00f1os productores, campesinos, profesionales y t\u00e9cnicos, en colaboraci\u00f3n con el SENA. Esta uni\u00f3n facilitar\u00e1 el acceso a sistemas tecnol\u00f3gicos productivos y contribuir\u00e1 al cumplimiento de la Pol\u00edtica P\u00fablica de Agricultura Campesina, Familiar y Comunitaria en el departamento.<br><\/p><p>El convenio beneficiar\u00e1 a 2.219 productores agropecuarios, apoyar\u00e1 38 emprendimientos productivos de mujeres y j\u00f3venes rurales, y proporcionar\u00e1 transferencia tecnol\u00f3gica a 181 productores. Adem\u00e1s, formar\u00e1 a 60 grupos organizados en aspectos administrativos y capacitar\u00e1 a 240 profesionales y t\u00e9cnicos de las Unidades Municipales de Asistencia T\u00e9cnica Agropecuaria (Umata).<br><\/p><figure class=\"wp-block-image size-large\"><img loading=\"lazy\" decoding=\"async\" width=\"1024\" height=\"538\" src=\"https:\/\/colombiaopina.com.co\/wp-content\/uploads\/2024\/05\/SENA1-1024x538.jpeg\" alt=\"\" class=\"wp-image-4639\" srcset=\"https:\/\/colombiaopina.com.co\/wp-content\/uploads\/2024\/05\/SENA1-1024x538.jpeg 1024w, https:\/\/colombiaopina.com.co\/wp-content\/uploads\/2024\/05\/SENA1-300x158.jpeg 300w, https:\/\/colombiaopina.com.co\/wp-content\/uploads\/2024\/05\/SENA1-768x403.jpeg 768w, https:\/\/colombiaopina.com.co\/wp-content\/uploads\/2024\/05\/SENA1-150x79.jpeg 150w, https:\/\/colombiaopina.com.co\/wp-content\/uploads\/2024\/05\/SENA1-696x365.jpeg 696w, https:\/\/colombiaopina.com.co\/wp-content\/uploads\/2024\/05\/SENA1-1068x561.jpeg 1068w, https:\/\/colombiaopina.com.co\/wp-content\/uploads\/2024\/05\/SENA1-600x315.jpeg 600w, https:\/\/colombiaopina.com.co\/wp-content\/uploads\/2024\/05\/SENA1.jpeg 1200w\" sizes=\"(max-width: 1024px) 100vw, 1024px\" \/><\/figure><p>John Albeiro Giraldo, director regional encargado del SENA en Antioquia, enfatiz\u00f3 que este convenio prepara a los campesinos para integrarse al mundo de la tecnificaci\u00f3n del sector agropecuario. \u00abQueremos que vean el campo con una mirada distinta y que nuestros j\u00f3venes se den cuenta que el campo vale mucho y que en \u00e9l hay una posibilidad de vida\u00bb, se\u00f1al\u00f3 Giraldo.<br><\/p><p>Durante el primer a\u00f1o, la Secretar\u00eda de Agricultura invertir\u00e1 300 millones de pesos en insumos, materiales, herramientas y equipos para apoyar los procesos de capacitaci\u00f3n del SENA. Anualmente, la entidad departamental aportar\u00e1 recursos adicionales para mantener estos apoyos.<br><\/p><p>El SENA contribuir\u00e1 con recurso humano, log\u00edstica y plataformas digitales necesarias para el desarrollo de los procesos de formaci\u00f3n, acompa\u00f1amiento y asesor\u00eda a los productores agropecuarios, campesinos, profesionales y t\u00e9cnicos del sector. Esta colaboraci\u00f3n integral promete fortalecer las capacidades productivas y mejorar la calidad de vida en las zonas rurales de Antioquia.<\/p>","protected":false},"excerpt":{"rendered":"<p>La Secretar\u00eda de Agricultura y Desarrollo Rural de Antioquia y el SENA han firmado un convenio estrat\u00e9gico que busca impulsar el desarrollo del campo antioque\u00f1o, beneficiando a productores de las econom\u00edas campesina, familiar y comunitaria. Esta colaboraci\u00f3n, que incluye capacitaci\u00f3n, acompa\u00f1amiento, asesor\u00eda y transferencia tecnol\u00f3gica, se integra a las estrategias departamentales para mitigar el hambre, [&hellip;]<\/p>\n","protected":false},"author":4,"featured_media":4638,"comment_status":"open","ping_status":"open","sticky":false,"template":"","format":"standard","meta":{"tdm_status":"","tdm_grid_status":"","_jetpack_memberships_contains_paid_content":false,"footnotes":""},"categories":[38,39,42,151,84,50],"tags":[282,706,93,181,1525],"class_list":{"0":"post-4637","1":"post","2":"type-post","3":"status-publish","4":"format-standard","5":"has-post-thumbnail","7":"category-antioquia","8":"category-colombia","9":"category-educacion","10":"category-gobernador","11":"category-obras","12":"category-opinion","13":"tag-antioquia","14":"tag-campo","15":"tag-colombia","16":"tag-gobernacion","17":"tag-sena"},"jetpack_sharing_enabled":true,"jetpack_featured_media_url":"https:\/\/colombiaopina.com.co\/wp-content\/uploads\/2024\/05\/SENA.jpeg","amp_enabled":true,"_links":{"self":[{"href":"https:\/\/colombiaopina.com.co\/index.php\/wp-json\/wp\/v2\/posts\/4637"}],"collection":[{"href":"https:\/\/colombiaopina.com.co\/index.php\/wp-json\/wp\/v2\/posts"}],"about":[{"href":"https:\/\/colombiaopina.com.co\/index.php\/wp-json\/wp\/v2\/types\/post"}],"author":[{"embeddable":true,"href":"https:\/\/colombiaopina.com.co\/index.php\/wp-json\/wp\/v2\/users\/4"}],"replies":[{"embeddable":true,"href":"https:\/\/colombiaopina.com.co\/index.php\/wp-json\/wp\/v2\/comments?post=4637"}],"version-history":[{"count":1,"href":"https:\/\/colombiaopina.com.co\/index.php\/wp-json\/wp\/v2\/posts\/4637\/revisions"}],"predecessor-version":[{"id":4640,"href":"https:\/\/colombiaopina.com.co\/index.php\/wp-json\/wp\/v2\/posts\/4637\/revisions\/4640"}],"wp:featuredmedia":[{"embeddable":true,"href":"https:\/\/colombiaopina.com.co\/index.php\/wp-json\/wp\/v2\/media\/4638"}],"wp:attachment":[{"href":"https:\/\/colombiaopina.com.co\/index.php\/wp-json\/wp\/v2\/media?parent=4637"}],"wp:term":[{"taxonomy":"category","embeddable":true,"href":"https:\/\/colombiaopina.com.co\/index.php\/wp-json\/wp\/v2\/categories?post=4637"},{"taxonomy":"post_tag","embeddable":true,"href":"https:\/\/colombiaopina.com.co\/index.php\/wp-json\/wp\/v2\/tags?post=4637"}],"curies":[{"name":"wp","href":"https:\/\/api.w.org\/{rel}","templated":true}]}}