{"id":4534,"date":"2024-05-21T08:26:46","date_gmt":"2024-05-21T13:26:46","guid":{"rendered":"https:\/\/colombiaopina.com.co\/?p=4534"},"modified":"2024-05-21T08:26:48","modified_gmt":"2024-05-21T13:26:48","slug":"petro-anuncia-ofensiva-total-en-el-cauca-tras-atentados-de-las-disidencias-de-las-farc","status":"publish","type":"post","link":"https:\/\/colombiaopina.com.co\/index.php\/2024\/05\/21\/petro-anuncia-ofensiva-total-en-el-cauca-tras-atentados-de-las-disidencias-de-las-farc\/","title":{"rendered":"Petro anuncia ofensiva total en el Cauca tras atentados de las disidencias de las Farc"},"content":{"rendered":"<p>El presidente Gustavo Petro ha declarado una \u00abofensiva total\u00bb contra las disidencias del Estado Mayor Central (EMC) en el Cauca, en respuesta a los recientes ataques en la regi\u00f3n. A trav\u00e9s de la red social X, el mandatario afirm\u00f3: \u00abLa ofensiva contra el EMC en el Cauca es total\u00bb.<br><\/p><p>Los ataques m\u00e1s recientes ocurrieron en Morales, Cauca, donde la estaci\u00f3n de Polic\u00eda fue hostigada por las disidencias. Este incidente ha generado p\u00e1nico entre los m\u00e1s de 42.000 habitantes del municipio, quienes hasta ahora solo hab\u00edan escuchado sobre la violencia en localidades vecinas. Pedro Ceballos, residente de Morales, describi\u00f3 la situaci\u00f3n como el hostigamiento m\u00e1s prolongado en la historia del municipio durante una transmisi\u00f3n en vivo para Caracol Radio.<br><\/p><p>En respuesta a la creciente violencia, el Ministerio de Defensa ha desplegado un pelot\u00f3n de soldados profesionales de la Brigada 29 a Morales para reforzar la seguridad y brindar tranquilidad a la comunidad. \u00abEl mensaje es claro: todas las capacidades de la Fuerza P\u00fablica est\u00e1n enfocadas en estabilizar esta zona del Cauca para proteger a las comunidades,\u00bb declar\u00f3 el ministro de Defensa, Iv\u00e1n Vel\u00e1squez.<br><\/p><figure class=\"wp-block-image size-full\"><img loading=\"lazy\" decoding=\"async\" width=\"460\" height=\"260\" src=\"https:\/\/colombiaopina.com.co\/wp-content\/uploads\/2024\/05\/CAUCA1-1.jpeg\" alt=\"\" class=\"wp-image-4536\" srcset=\"https:\/\/colombiaopina.com.co\/wp-content\/uploads\/2024\/05\/CAUCA1-1.jpeg 460w, https:\/\/colombiaopina.com.co\/wp-content\/uploads\/2024\/05\/CAUCA1-1-300x170.jpeg 300w, https:\/\/colombiaopina.com.co\/wp-content\/uploads\/2024\/05\/CAUCA1-1-150x85.jpeg 150w\" sizes=\"(max-width: 460px) 100vw, 460px\" \/><\/figure><p>Este mismo lunes, el presidente Petro tambi\u00e9n realiz\u00f3 cambios significativos en la comandancia del Ej\u00e9rcito Nacional. El general Luis Mauricio Ospina fue relevado de su cargo y llamado a calificar servicios, siendo reemplazado por el mayor general Luis Emilio Cardozo Santamar\u00eda. Este cambio se produce en un contexto de cr\u00edticas sobre el manejo de la situaci\u00f3n de seguridad en el Cauca y otras pol\u00e9micas que involucraron al general Ospina durante su mandato.<br><\/p><p>El mayor general Cardozo Santamar\u00eda, quien fue llamado del retiro para asumir el liderazgo del Ej\u00e9rcito Nacional, cuenta con m\u00e1s de 35 a\u00f1os de experiencia en la instituci\u00f3n y ha ocupado roles importantes como comandante del Comando de Divisi\u00f3n de Aviaci\u00f3n de Asalto A\u00e9reo del Ej\u00e9rcito, comandante de la Octava Divisi\u00f3n y comandante del Comando de Ingenieros Militares. Su designaci\u00f3n busca fortalecer la estrategia de seguridad y dar un nuevo impulso a las operaciones militares en zonas cr\u00edticas como el Cauca.<br><\/p><p>El gobierno de Petro se enfrenta a uno de sus mayores desaf\u00edos en t\u00e9rminos de seguridad, con la necesidad de restaurar la paz y la estabilidad en regiones afectadas por la violencia de grupos armados. La ofensiva en el Cauca y los cambios en la comandancia del Ej\u00e9rcito son pasos decisivos en esta direcci\u00f3n, con la esperanza de que puedan revertir la situaci\u00f3n y proteger a las comunidades vulnerables.<\/p>","protected":false},"excerpt":{"rendered":"<p>El presidente Gustavo Petro ha declarado una \u00abofensiva total\u00bb contra las disidencias del Estado Mayor Central (EMC) en el Cauca, en respuesta a los recientes ataques en la regi\u00f3n. A trav\u00e9s de la red social X, el mandatario afirm\u00f3: \u00abLa ofensiva contra el EMC en el Cauca es total\u00bb. Los ataques m\u00e1s recientes ocurrieron en [&hellip;]<\/p>\n","protected":false},"author":4,"featured_media":4535,"comment_status":"open","ping_status":"open","sticky":false,"template":"","format":"standard","meta":{"tdm_status":"","tdm_grid_status":"","_jetpack_memberships_contains_paid_content":false,"footnotes":""},"categories":[39,45,46,50,49,110,41],"tags":[1028,93,225,227,1309,127,135,65],"class_list":{"0":"post-4534","1":"post","2":"type-post","3":"status-publish","4":"format-standard","5":"has-post-thumbnail","7":"category-colombia","8":"category-emergencias","9":"category-gobierno","10":"category-opinion","11":"category-orden-publico","12":"category-policia","13":"category-seguridad","14":"tag-cauca","15":"tag-colombia","16":"tag-farc","17":"tag-gobierno","18":"tag-ofensiva","19":"tag-orden-publico","20":"tag-petro","21":"tag-seguridad"},"jetpack_sharing_enabled":true,"jetpack_featured_media_url":"https:\/\/colombiaopina.com.co\/wp-content\/uploads\/2024\/05\/CAUCA-1.jpeg","amp_enabled":true,"_links":{"self":[{"href":"https:\/\/colombiaopina.com.co\/index.php\/wp-json\/wp\/v2\/posts\/4534"}],"collection":[{"href":"https:\/\/colombiaopina.com.co\/index.php\/wp-json\/wp\/v2\/posts"}],"about":[{"href":"https:\/\/colombiaopina.com.co\/index.php\/wp-json\/wp\/v2\/types\/post"}],"author":[{"embeddable":true,"href":"https:\/\/colombiaopina.com.co\/index.php\/wp-json\/wp\/v2\/users\/4"}],"replies":[{"embeddable":true,"href":"https:\/\/colombiaopina.com.co\/index.php\/wp-json\/wp\/v2\/comments?post=4534"}],"version-history":[{"count":1,"href":"https:\/\/colombiaopina.com.co\/index.php\/wp-json\/wp\/v2\/posts\/4534\/revisions"}],"predecessor-version":[{"id":4537,"href":"https:\/\/colombiaopina.com.co\/index.php\/wp-json\/wp\/v2\/posts\/4534\/revisions\/4537"}],"wp:featuredmedia":[{"embeddable":true,"href":"https:\/\/colombiaopina.com.co\/index.php\/wp-json\/wp\/v2\/media\/4535"}],"wp:attachment":[{"href":"https:\/\/colombiaopina.com.co\/index.php\/wp-json\/wp\/v2\/media?parent=4534"}],"wp:term":[{"taxonomy":"category","embeddable":true,"href":"https:\/\/colombiaopina.com.co\/index.php\/wp-json\/wp\/v2\/categories?post=4534"},{"taxonomy":"post_tag","embeddable":true,"href":"https:\/\/colombiaopina.com.co\/index.php\/wp-json\/wp\/v2\/tags?post=4534"}],"curies":[{"name":"wp","href":"https:\/\/api.w.org\/{rel}","templated":true}]}}