{"id":4462,"date":"2024-05-20T07:08:23","date_gmt":"2024-05-20T12:08:23","guid":{"rendered":"https:\/\/colombiaopina.com.co\/?p=4462"},"modified":"2024-05-20T07:08:24","modified_gmt":"2024-05-20T12:08:24","slug":"muere-caretorta-palacio-uno-de-los-hinchas-mas-fieles-del-dim","status":"publish","type":"post","link":"https:\/\/colombiaopina.com.co\/index.php\/2024\/05\/20\/muere-caretorta-palacio-uno-de-los-hinchas-mas-fieles-del-dim\/","title":{"rendered":"Muere Caretorta Palacio, uno de los hinchas m\u00e1s fieles del DIM"},"content":{"rendered":"<p>La comunidad del f\u00fatbol en Medell\u00edn est\u00e1 de luto tras la tr\u00e1gica muerte de Caretorta Palacio, uno de los hinchas m\u00e1s ic\u00f3nicos del Deportivo Independiente Medell\u00edn (DIM). La tarde de este domingo 19 de mayo, Palacio fue atropellado por un motociclista, un incidente que ha conmovido a todos los seguidores del equipo.<br><\/p><p>Caretorta Palacio, cuyo nombre real inclu\u00eda el apellido del equipo de sus amores tras un cambio legal hace unos a\u00f1os, era conocido por su pasi\u00f3n y lealtad inquebrantable al DIM. Su historia de lucha y dedicaci\u00f3n no solo al equipo, sino tambi\u00e9n a su propia vida, inspir\u00f3 a muchos. Hace dos a\u00f1os, Caretorta sobrevivi\u00f3 a una dura batalla contra dos tumores en el p\u00e1ncreas, demostrando una vez m\u00e1s su esp\u00edritu indomable.<br><\/p><p>El periodista deportivo Elkin Lavoe fue uno de los primeros en dar a conocer la noticia, que r\u00e1pidamente se difundi\u00f3 entre la afici\u00f3n del DIM y la comunidad deportiva en general. Wbeimar Mu\u00f1oz Ceballos, otro reconocido periodista deportivo, expres\u00f3 su pesar a trav\u00e9s de sus redes sociales: \u201cCaretorta Palacio, uno de los hinchas m\u00e1s recordados en la historia del D.I.M, muri\u00f3 atropellado por una moto. A la familia del personaje y amigo le enviamos un abrazo desde el alma. Q.E.P.D\u201d.<br><\/p><figure class=\"wp-block-image size-full\"><img loading=\"lazy\" decoding=\"async\" width=\"600\" height=\"454\" src=\"https:\/\/colombiaopina.com.co\/wp-content\/uploads\/2024\/05\/HINCHA1.jpeg\" alt=\"\" class=\"wp-image-4463\" srcset=\"https:\/\/colombiaopina.com.co\/wp-content\/uploads\/2024\/05\/HINCHA1.jpeg 600w, https:\/\/colombiaopina.com.co\/wp-content\/uploads\/2024\/05\/HINCHA1-300x227.jpeg 300w, https:\/\/colombiaopina.com.co\/wp-content\/uploads\/2024\/05\/HINCHA1-150x114.jpeg 150w\" sizes=\"(max-width: 600px) 100vw, 600px\" \/><\/figure><p>La partida de Caretorta Palacio deja un vac\u00edo profundo en el coraz\u00f3n de los hinchas del DIM, quienes siempre lo recordar\u00e1n por su inigualable entusiasmo y amor por el equipo. Su legado como fiel seguidor del Deportivo Independiente Medell\u00edn perdurar\u00e1 en la memoria de todos aquellos que lo conocieron y compartieron su pasi\u00f3n por el f\u00fatbol.<br><\/p><p>La comunidad del DIM se une en solidaridad para apoyar a la familia de Caretorta en este dif\u00edcil momento. Los seguidores del equipo est\u00e1n organizando homenajes para honrar la memoria de uno de los suyos, recordando con cari\u00f1o y respeto a un hincha cuya devoci\u00f3n nunca ser\u00e1 olvidada.<\/p>","protected":false},"excerpt":{"rendered":"<p>La comunidad del f\u00fatbol en Medell\u00edn est\u00e1 de luto tras la tr\u00e1gica muerte de Caretorta Palacio, uno de los hinchas m\u00e1s ic\u00f3nicos del Deportivo Independiente Medell\u00edn (DIM). La tarde de este domingo 19 de mayo, Palacio fue atropellado por un motociclista, un incidente que ha conmovido a todos los seguidores del equipo. Caretorta Palacio, cuyo [&hellip;]<\/p>\n","protected":false},"author":4,"featured_media":4464,"comment_status":"open","ping_status":"open","sticky":false,"template":"","format":"standard","meta":{"tdm_status":"","tdm_grid_status":"","_jetpack_memberships_contains_paid_content":false,"footnotes":""},"categories":[38,47,48,54,50],"tags":[282,1466,1365,1465,62,277],"class_list":{"0":"post-4462","1":"post","2":"type-post","3":"status-publish","4":"format-standard","5":"has-post-thumbnail","7":"category-antioquia","8":"category-deportes","9":"category-futbol","10":"category-medellin","11":"category-opinion","12":"tag-antioquia","13":"tag-caretorta","14":"tag-dim","15":"tag-hincha","16":"tag-medellin","17":"tag-muerte"},"jetpack_sharing_enabled":true,"jetpack_featured_media_url":"https:\/\/colombiaopina.com.co\/wp-content\/uploads\/2024\/05\/HINCHA.jpeg","amp_enabled":true,"_links":{"self":[{"href":"https:\/\/colombiaopina.com.co\/index.php\/wp-json\/wp\/v2\/posts\/4462"}],"collection":[{"href":"https:\/\/colombiaopina.com.co\/index.php\/wp-json\/wp\/v2\/posts"}],"about":[{"href":"https:\/\/colombiaopina.com.co\/index.php\/wp-json\/wp\/v2\/types\/post"}],"author":[{"embeddable":true,"href":"https:\/\/colombiaopina.com.co\/index.php\/wp-json\/wp\/v2\/users\/4"}],"replies":[{"embeddable":true,"href":"https:\/\/colombiaopina.com.co\/index.php\/wp-json\/wp\/v2\/comments?post=4462"}],"version-history":[{"count":1,"href":"https:\/\/colombiaopina.com.co\/index.php\/wp-json\/wp\/v2\/posts\/4462\/revisions"}],"predecessor-version":[{"id":4465,"href":"https:\/\/colombiaopina.com.co\/index.php\/wp-json\/wp\/v2\/posts\/4462\/revisions\/4465"}],"wp:featuredmedia":[{"embeddable":true,"href":"https:\/\/colombiaopina.com.co\/index.php\/wp-json\/wp\/v2\/media\/4464"}],"wp:attachment":[{"href":"https:\/\/colombiaopina.com.co\/index.php\/wp-json\/wp\/v2\/media?parent=4462"}],"wp:term":[{"taxonomy":"category","embeddable":true,"href":"https:\/\/colombiaopina.com.co\/index.php\/wp-json\/wp\/v2\/categories?post=4462"},{"taxonomy":"post_tag","embeddable":true,"href":"https:\/\/colombiaopina.com.co\/index.php\/wp-json\/wp\/v2\/tags?post=4462"}],"curies":[{"name":"wp","href":"https:\/\/api.w.org\/{rel}","templated":true}]}}