{"id":4413,"date":"2024-05-17T09:36:25","date_gmt":"2024-05-17T14:36:25","guid":{"rendered":"https:\/\/colombiaopina.com.co\/?p=4413"},"modified":"2024-05-17T09:36:26","modified_gmt":"2024-05-17T14:36:26","slug":"gobernacion-de-antioquia-lanza-ambicioso-programa-de-formacion-en-inteligencia-artificial-y-programacion-para-jovenes","status":"publish","type":"post","link":"https:\/\/colombiaopina.com.co\/index.php\/2024\/05\/17\/gobernacion-de-antioquia-lanza-ambicioso-programa-de-formacion-en-inteligencia-artificial-y-programacion-para-jovenes\/","title":{"rendered":"Gobernaci\u00f3n de Antioquia lanza ambicioso programa de formaci\u00f3n en inteligencia artificial y programaci\u00f3n para j\u00f3venes"},"content":{"rendered":"<p>En un esfuerzo conjunto por mejorar las competencias digitales de los j\u00f3venes y futuros profesores de Antioquia, el gobernador Andr\u00e9s Juli\u00e1n Rend\u00f3n y el CEO de Nubank, David V\u00e9lez, han firmado un memorando de entendimiento que marca el inicio de un innovador proyecto educativo. Este programa, que se implementar\u00e1 en 17 Normales Superiores p\u00fablicas del departamento, se centrar\u00e1 en la formaci\u00f3n en programaci\u00f3n, desarrollo web y el uso de inteligencia artificial.<br><\/p><p>El acuerdo fue alcanzado el primero de febrero durante una reuni\u00f3n entre el gobernador y David V\u00e9lez, donde ambos l\u00edderes se comprometieron a trabajar por la educaci\u00f3n de los j\u00f3venes y ni\u00f1os antioque\u00f1os. La materializaci\u00f3n de este proyecto ha sido posible gracias a la colaboraci\u00f3n entre la Gobernaci\u00f3n de Antioquia, las Secretar\u00edas de Juventud y Educaci\u00f3n, Crack the Code, la Fundaci\u00f3n V\u00e9lez Reyes y la Fundaci\u00f3n Fraternidad.<br><\/p><p>Por primera vez, un proyecto de esta magnitud se realizar\u00e1 en el departamento, impactando a 3.623 estudiantes y 300 docentes de las Normales Superiores. \u00abEstos estudiantes est\u00e1n pr\u00f3ximos a aprender un nuevo lenguaje que de alguna manera les va a permitir dar un salto en su vida y en las de sus familias, pero tambi\u00e9n en la educaci\u00f3n que llevar\u00e1n despu\u00e9s a muchos rincones del departamento y ojal\u00e1 del pa\u00eds\u00bb, afirm\u00f3 Andr\u00e9s Juli\u00e1n Rend\u00f3n, gobernador de Antioquia.<br><\/p><p>El programa se desarrollar\u00e1 durante cuatro a\u00f1os y tendr\u00e1 dos enfoques principales. Primero, se ofrecer\u00e1n becas condicionadas para que los docentes realicen cursos de inteligencia artificial, programaci\u00f3n y herramientas digitales, reduciendo sus cargas laborales y permiti\u00e9ndoles replicar este conocimiento a otros profesores. Segundo, a partir de julio, el programa se integrar\u00e1 en el curr\u00edculo escolar para los estudiantes de 9\u00b0, 10\u00b0 y 11\u00b0, quienes recibir\u00e1n clases dos veces a la semana durante tres a\u00f1os.<br><\/p><p>Mar\u00eda V\u00e9lez, fundadora y directora ejecutiva de Crack the Code, destac\u00f3 la relevancia del proyecto: \u00abQueremos darles herramientas para que puedan decidir qu\u00e9 hacer en su vida y que puedan impactar a toda su comunidad. Este curr\u00edculo lo hemos armado con consultores internacionales viendo lo que est\u00e1 pasando en el mundo con la inteligencia artificial, c\u00f3mo est\u00e1n cambiando los puestos de trabajo y las necesidades en las empresas.\u00bb<br><\/p><figure class=\"wp-block-image size-large\"><img loading=\"lazy\" decoding=\"async\" width=\"1024\" height=\"599\" src=\"https:\/\/colombiaopina.com.co\/wp-content\/uploads\/2024\/05\/gob-1024x599.jpeg\" alt=\"\" class=\"wp-image-4415\" srcset=\"https:\/\/colombiaopina.com.co\/wp-content\/uploads\/2024\/05\/gob-1024x599.jpeg 1024w, https:\/\/colombiaopina.com.co\/wp-content\/uploads\/2024\/05\/gob-300x176.jpeg 300w, https:\/\/colombiaopina.com.co\/wp-content\/uploads\/2024\/05\/gob-768x449.jpeg 768w, https:\/\/colombiaopina.com.co\/wp-content\/uploads\/2024\/05\/gob-150x88.jpeg 150w, https:\/\/colombiaopina.com.co\/wp-content\/uploads\/2024\/05\/gob-696x407.jpeg 696w, https:\/\/colombiaopina.com.co\/wp-content\/uploads\/2024\/05\/gob-1068x625.jpeg 1068w, https:\/\/colombiaopina.com.co\/wp-content\/uploads\/2024\/05\/gob-600x351.jpeg 600w, https:\/\/colombiaopina.com.co\/wp-content\/uploads\/2024\/05\/gob.jpeg 1200w\" sizes=\"(max-width: 1024px) 100vw, 1024px\" \/><\/figure><p>Las Normales Superiores en municipios como Sopetr\u00e1n, Urrao, Yolomb\u00f3, Abejorral, Amag\u00e1, Caucasia, Copacabana, Fredonia, Frontino, Jeric\u00f3, Marinilla, Puerto Berr\u00edo, San Jer\u00f3nimo, San Pedro de los Milagros, San Roque, Santa Rosa de Osos y Sons\u00f3n ser\u00e1n las primeras en beneficiarse de este convenio. Los estudiantes recibir\u00e1n certificaciones en inteligencia artificial y programaci\u00f3n por Crack the Code.<br><\/p><p>El proyecto tambi\u00e9n incluye la mejora de la infraestructura tecnol\u00f3gica y de internet en las instituciones educativas, as\u00ed como la dotaci\u00f3n de computadores y escritorios. Esta iniciativa se alinea con el Plan de Desarrollo Departamental en materia de transformaci\u00f3n digital de la educaci\u00f3n y la formaci\u00f3n de maestros.<br><\/p><p>Magdalena Restrepo, directora de la Fundaci\u00f3n Fraternidad, expres\u00f3: \u00abEl tema digital siempre nos ha llamado la atenci\u00f3n, ha estado en nuestros programas en los \u00faltimos a\u00f1os, pero ten\u00edamos esa piedrita de que necesit\u00e1bamos ir a las Normales, necesitamos formar a los futuros formadores del departamento. Y cuando nos invitaron a unirnos a esta alianza, inmediatamente aceptamos.\u00bb<br><\/p><p>Antioquia se convierte as\u00ed en el primer departamento en implementar una alianza de esta naturaleza, que busca no solo mejorar las competencias digitales de los estudiantes, sino tambi\u00e9n asegurar su vinculaci\u00f3n al empleo futuro. La evaluaci\u00f3n anual del proyecto permitir\u00e1 su expansi\u00f3n a m\u00e1s instituciones educativas del departamento, asegurando un impacto duradero en la educaci\u00f3n y el desarrollo tecnol\u00f3gico de la regi\u00f3n.<\/p>","protected":false},"excerpt":{"rendered":"<p>En un esfuerzo conjunto por mejorar las competencias digitales de los j\u00f3venes y futuros profesores de Antioquia, el gobernador Andr\u00e9s Juli\u00e1n Rend\u00f3n y el CEO de Nubank, David V\u00e9lez, han firmado un memorando de entendimiento que marca el inicio de un innovador proyecto educativo. Este programa, que se implementar\u00e1 en 17 Normales Superiores p\u00fablicas del [&hellip;]<\/p>\n","protected":false},"author":4,"featured_media":4414,"comment_status":"open","ping_status":"open","sticky":false,"template":"","format":"standard","meta":{"tdm_status":"","tdm_grid_status":"","_jetpack_memberships_contains_paid_content":false,"footnotes":""},"categories":[38,39,151,84,50,86],"tags":[282,93,631,1296],"class_list":{"0":"post-4413","1":"post","2":"type-post","3":"status-publish","4":"format-standard","5":"has-post-thumbnail","7":"category-antioquia","8":"category-colombia","9":"category-gobernador","10":"category-obras","11":"category-opinion","12":"category-politica","13":"tag-antioquia","14":"tag-colombia","15":"tag-gobernacion-2","16":"tag-ia"},"jetpack_sharing_enabled":true,"jetpack_featured_media_url":"https:\/\/colombiaopina.com.co\/wp-content\/uploads\/2024\/05\/GOB1.jpeg","amp_enabled":true,"_links":{"self":[{"href":"https:\/\/colombiaopina.com.co\/index.php\/wp-json\/wp\/v2\/posts\/4413"}],"collection":[{"href":"https:\/\/colombiaopina.com.co\/index.php\/wp-json\/wp\/v2\/posts"}],"about":[{"href":"https:\/\/colombiaopina.com.co\/index.php\/wp-json\/wp\/v2\/types\/post"}],"author":[{"embeddable":true,"href":"https:\/\/colombiaopina.com.co\/index.php\/wp-json\/wp\/v2\/users\/4"}],"replies":[{"embeddable":true,"href":"https:\/\/colombiaopina.com.co\/index.php\/wp-json\/wp\/v2\/comments?post=4413"}],"version-history":[{"count":1,"href":"https:\/\/colombiaopina.com.co\/index.php\/wp-json\/wp\/v2\/posts\/4413\/revisions"}],"predecessor-version":[{"id":4416,"href":"https:\/\/colombiaopina.com.co\/index.php\/wp-json\/wp\/v2\/posts\/4413\/revisions\/4416"}],"wp:featuredmedia":[{"embeddable":true,"href":"https:\/\/colombiaopina.com.co\/index.php\/wp-json\/wp\/v2\/media\/4414"}],"wp:attachment":[{"href":"https:\/\/colombiaopina.com.co\/index.php\/wp-json\/wp\/v2\/media?parent=4413"}],"wp:term":[{"taxonomy":"category","embeddable":true,"href":"https:\/\/colombiaopina.com.co\/index.php\/wp-json\/wp\/v2\/categories?post=4413"},{"taxonomy":"post_tag","embeddable":true,"href":"https:\/\/colombiaopina.com.co\/index.php\/wp-json\/wp\/v2\/tags?post=4413"}],"curies":[{"name":"wp","href":"https:\/\/api.w.org\/{rel}","templated":true}]}}