{"id":4380,"date":"2024-05-16T09:46:16","date_gmt":"2024-05-16T14:46:16","guid":{"rendered":"https:\/\/colombiaopina.com.co\/?p=4380"},"modified":"2024-05-16T09:46:17","modified_gmt":"2024-05-16T14:46:17","slug":"gobierno-colombiano-celebra-superacion-de-fantasma-de-recesion-tras-modesto-crecimiento-del-pib","status":"publish","type":"post","link":"https:\/\/colombiaopina.com.co\/index.php\/2024\/05\/16\/gobierno-colombiano-celebra-superacion-de-fantasma-de-recesion-tras-modesto-crecimiento-del-pib\/","title":{"rendered":"Gobierno colombiano celebra superaci\u00f3n de \u00abfantasma de recesi\u00f3n\u00bb tras modesto crecimiento del PIB"},"content":{"rendered":"<p>En respuesta a los \u00faltimos datos sobre el crecimiento del Producto Interno Bruto (PIB) de Colombia, el Ministro de Hacienda, Ricardo Bonilla, ha expresado una visi\u00f3n optimista, destacando que el pa\u00eds ha superado el \u00abfantasma de la recesi\u00f3n\u00bb. Seg\u00fan el Departamento Administrativo Nacional de Estad\u00edstica (DANE), el PIB del pa\u00eds creci\u00f3 un 0,7% en el primer trimestre de 2024, una ligera mejora respecto al 0,3% registrado en el \u00faltimo trimestre de 2023.<br><\/p><p>Durante una reciente conferencia, el ministro Bonilla explic\u00f3 que el PIB desestacionalizado alcanz\u00f3 el 0,9% y comparado con el mismo per\u00edodo del a\u00f1o anterior, el crecimiento fue del 1,1%. Subray\u00f3 que, por tercer trimestre consecutivo, el pa\u00eds muestra una trayectoria de crecimiento positivo, alej\u00e1ndose de la posibilidad de una recesi\u00f3n. Entre los sectores que m\u00e1s han contribuido a dinamizar la econom\u00eda se encuentran la agricultura, la electricidad, la administraci\u00f3n p\u00fablica y las actividades culturales, con la inversi\u00f3n creciendo un 2,5% en el trimestre, impulsada principalmente por la maquinaria bruta y la construcci\u00f3n de vivienda.<br><\/p><p>A pesar de la positiva perspectiva del gobierno, varios sectores han expresado preocupaciones. La C\u00e1mara Colombo Americana, por ejemplo, a trav\u00e9s de su presidenta Mar\u00eda Claudia Lacouture, ha pedido mayor ejecuci\u00f3n, austeridad y eficiencia del gasto p\u00fablico. Adem\u00e1s, ha subrayado la necesidad de inversi\u00f3n en \u00e1reas clave como la generaci\u00f3n de empleo, la infraestructura y la vivienda para revitalizar la econom\u00eda.<br><\/p><p>Jaime Alberto Cabal, presidente de la Federaci\u00f3n Nacional de Comerciantes (Fenalco), ha sido cr\u00edtico con los resultados, indicando que reflejan un estancamiento en los consumos de los hogares, exacerbado por el aumento de los impuestos, las altas tasas de inter\u00e9s y la inflaci\u00f3n persistente. Adem\u00e1s, mencion\u00f3 el incremento de la inseguridad que ha afectado negativamente al sector del comercio.<br><\/p><figure class=\"wp-block-image size-full\"><img loading=\"lazy\" decoding=\"async\" width=\"1000\" height=\"600\" src=\"https:\/\/colombiaopina.com.co\/wp-content\/uploads\/2024\/05\/RECESION1.jpeg\" alt=\"\" class=\"wp-image-4382\" srcset=\"https:\/\/colombiaopina.com.co\/wp-content\/uploads\/2024\/05\/RECESION1.jpeg 1000w, https:\/\/colombiaopina.com.co\/wp-content\/uploads\/2024\/05\/RECESION1-300x180.jpeg 300w, https:\/\/colombiaopina.com.co\/wp-content\/uploads\/2024\/05\/RECESION1-768x461.jpeg 768w, https:\/\/colombiaopina.com.co\/wp-content\/uploads\/2024\/05\/RECESION1-150x90.jpeg 150w, https:\/\/colombiaopina.com.co\/wp-content\/uploads\/2024\/05\/RECESION1-696x418.jpeg 696w, https:\/\/colombiaopina.com.co\/wp-content\/uploads\/2024\/05\/RECESION1-600x360.jpeg 600w\" sizes=\"(max-width: 1000px) 100vw, 1000px\" \/><\/figure><p>En el \u00e1mbito de la construcci\u00f3n, la C\u00e1mara Colombiana de la Construcci\u00f3n (Camacol) report\u00f3 una ca\u00edda significativa en la inversi\u00f3n en vivienda, con un descenso del 6,8% en el primer trimestre de 2024. Seg\u00fan Guillermo Herrera, presidente de Camacol, este nivel de inversi\u00f3n en vivienda es el m\u00e1s bajo desde 2005 para un primer trimestre, exceptuando el per\u00edodo de la pandemia.<br><\/p><p>Finalmente, desde el sector financiero, se anticipa que el Banco de la Rep\u00fablica podr\u00eda continuar bajando sus tasas de inter\u00e9s, aunque de manera gradual. Sergio Olarte, economista principal de Scotiabank Colpatria, sugiri\u00f3 que la pr\u00f3xima reducci\u00f3n podr\u00eda ser de medio punto porcentual, lo que llevar\u00eda la tasa a 11.25%.<br><\/p><p>Estas declaraciones reflejan un panorama mixto, donde, a pesar del optimismo gubernamental, persisten desaf\u00edos significativos que requieren atenci\u00f3n para asegurar una recuperaci\u00f3n econ\u00f3mica robusta y sostenible en Colombia.<\/p>","protected":false},"excerpt":{"rendered":"<p>En respuesta a los \u00faltimos datos sobre el crecimiento del Producto Interno Bruto (PIB) de Colombia, el Ministro de Hacienda, Ricardo Bonilla, ha expresado una visi\u00f3n optimista, destacando que el pa\u00eds ha superado el \u00abfantasma de la recesi\u00f3n\u00bb. Seg\u00fan el Departamento Administrativo Nacional de Estad\u00edstica (DANE), el PIB del pa\u00eds creci\u00f3 un 0,7% en el [&hellip;]<\/p>\n","protected":false},"author":4,"featured_media":4381,"comment_status":"open","ping_status":"open","sticky":false,"template":"","format":"standard","meta":{"tdm_status":"","tdm_grid_status":"","_jetpack_memberships_contains_paid_content":false,"footnotes":""},"categories":[39,89,46,50,103,86],"tags":[93,541,1451,227,135,1452,1450],"class_list":{"0":"post-4380","1":"post","2":"type-post","3":"status-publish","4":"format-standard","5":"has-post-thumbnail","7":"category-colombia","8":"category-economia","9":"category-gobierno","10":"category-opinion","11":"category-petro","12":"category-politica","13":"tag-colombia","14":"tag-economia","15":"tag-fantasma","16":"tag-gobierno","17":"tag-petro","18":"tag-pib","19":"tag-recesion"},"jetpack_sharing_enabled":true,"jetpack_featured_media_url":"https:\/\/colombiaopina.com.co\/wp-content\/uploads\/2024\/05\/RECESION.jpeg","amp_enabled":true,"_links":{"self":[{"href":"https:\/\/colombiaopina.com.co\/index.php\/wp-json\/wp\/v2\/posts\/4380"}],"collection":[{"href":"https:\/\/colombiaopina.com.co\/index.php\/wp-json\/wp\/v2\/posts"}],"about":[{"href":"https:\/\/colombiaopina.com.co\/index.php\/wp-json\/wp\/v2\/types\/post"}],"author":[{"embeddable":true,"href":"https:\/\/colombiaopina.com.co\/index.php\/wp-json\/wp\/v2\/users\/4"}],"replies":[{"embeddable":true,"href":"https:\/\/colombiaopina.com.co\/index.php\/wp-json\/wp\/v2\/comments?post=4380"}],"version-history":[{"count":1,"href":"https:\/\/colombiaopina.com.co\/index.php\/wp-json\/wp\/v2\/posts\/4380\/revisions"}],"predecessor-version":[{"id":4383,"href":"https:\/\/colombiaopina.com.co\/index.php\/wp-json\/wp\/v2\/posts\/4380\/revisions\/4383"}],"wp:featuredmedia":[{"embeddable":true,"href":"https:\/\/colombiaopina.com.co\/index.php\/wp-json\/wp\/v2\/media\/4381"}],"wp:attachment":[{"href":"https:\/\/colombiaopina.com.co\/index.php\/wp-json\/wp\/v2\/media?parent=4380"}],"wp:term":[{"taxonomy":"category","embeddable":true,"href":"https:\/\/colombiaopina.com.co\/index.php\/wp-json\/wp\/v2\/categories?post=4380"},{"taxonomy":"post_tag","embeddable":true,"href":"https:\/\/colombiaopina.com.co\/index.php\/wp-json\/wp\/v2\/tags?post=4380"}],"curies":[{"name":"wp","href":"https:\/\/api.w.org\/{rel}","templated":true}]}}