{"id":4376,"date":"2024-05-16T09:38:36","date_gmt":"2024-05-16T14:38:36","guid":{"rendered":"https:\/\/colombiaopina.com.co\/?p=4376"},"modified":"2024-05-16T09:38:38","modified_gmt":"2024-05-16T14:38:38","slug":"luis-gilberto-murillo-nombrado-ministro-de-relaciones-exteriores-de-colombia","status":"publish","type":"post","link":"https:\/\/colombiaopina.com.co\/index.php\/2024\/05\/16\/luis-gilberto-murillo-nombrado-ministro-de-relaciones-exteriores-de-colombia\/","title":{"rendered":"Luis Gilberto Murillo, nombrado Ministro de Relaciones Exteriores de Colombia"},"content":{"rendered":"<p>En un reciente anuncio oficial, el Gobierno Nacional ha confirmado a Luis Gilberto Murillo como el nuevo Ministro de Relaciones Exteriores de Colombia, marcando el fin de la gesti\u00f3n interina y descartando cualquier posibilidad de retorno de \u00c1lvaro Leyva al cargo. Murillo, quien previamente ocupaba el puesto de embajador de Colombia en Estados Unidos, ha sido designado para asumir la jefatura de la Canciller\u00eda de manera permanente.<br><\/p><p>La hoja de vida de Murillo fue publicada en el sitio web de la Presidencia de la Rep\u00fablica temprano este mi\u00e9rcoles, como parte del proceso formal para su nombramiento. Se espera que el decreto de nombramiento sea firmado pronto por el presidente Gustavo Petro, solidificando el papel de Murillo al frente de la Canciller\u00eda.<br><\/p><p>Murillo asumi\u00f3 inicialmente como Canciller encargado en febrero, tras la suspensi\u00f3n de \u00c1lvaro Leyva por la Procuradur\u00eda General de la Naci\u00f3n debido a presuntas irregularidades en un contrato de licitaci\u00f3n para la expedici\u00f3n de pasaportes. Durante su per\u00edodo como encargado, Murillo manej\u00f3 situaciones delicadas que incluyeron la crisis diplom\u00e1tica con Argentina y el rompimiento de relaciones con Israel, adem\u00e1s de enfrentar cr\u00edticas por la reducci\u00f3n de las metas de erradicaci\u00f3n de cultivos il\u00edcitos.<br><\/p><figure class=\"wp-block-image size-full\"><img loading=\"lazy\" decoding=\"async\" width=\"780\" height=\"565\" src=\"https:\/\/colombiaopina.com.co\/wp-content\/uploads\/2024\/05\/MINISTRO.jpeg\" alt=\"\" class=\"wp-image-4378\" srcset=\"https:\/\/colombiaopina.com.co\/wp-content\/uploads\/2024\/05\/MINISTRO.jpeg 780w, https:\/\/colombiaopina.com.co\/wp-content\/uploads\/2024\/05\/MINISTRO-300x217.jpeg 300w, https:\/\/colombiaopina.com.co\/wp-content\/uploads\/2024\/05\/MINISTRO-768x556.jpeg 768w, https:\/\/colombiaopina.com.co\/wp-content\/uploads\/2024\/05\/MINISTRO-150x109.jpeg 150w, https:\/\/colombiaopina.com.co\/wp-content\/uploads\/2024\/05\/MINISTRO-696x504.jpeg 696w, https:\/\/colombiaopina.com.co\/wp-content\/uploads\/2024\/05\/MINISTRO-600x435.jpeg 600w\" sizes=\"(max-width: 780px) 100vw, 780px\" \/><\/figure><p>El cambio en la Canciller\u00eda ocurre en un momento crucial, con el juicio al excanciller Leyva en proceso y con testimonios importantes programados para este mi\u00e9rcoles, incluido el de Martha Zamora, exdirectora de la Agencia Nacional de Defensa Judicial del Estado, quien hab\u00eda se\u00f1alado riesgos en la licitaci\u00f3n que llev\u00f3 a la suspensi\u00f3n de Leyva.<br><\/p><p>A\u00fan se desconoce qui\u00e9n suceder\u00e1 a Murillo como embajador en Estados Unidos, dejando abierta una de las posiciones m\u00e1s codiciadas en la diplomacia colombiana. Este nombramiento representa no solo un cambio en la Canciller\u00eda, sino tambi\u00e9n un posible nuevo enfoque en las pol\u00edticas exteriores de Colombia bajo la administraci\u00f3n de Petro.<\/p>","protected":false},"excerpt":{"rendered":"<p>En un reciente anuncio oficial, el Gobierno Nacional ha confirmado a Luis Gilberto Murillo como el nuevo Ministro de Relaciones Exteriores de Colombia, marcando el fin de la gesti\u00f3n interina y descartando cualquier posibilidad de retorno de \u00c1lvaro Leyva al cargo. Murillo, quien previamente ocupaba el puesto de embajador de Colombia en Estados Unidos, ha [&hellip;]<\/p>\n","protected":false},"author":4,"featured_media":4377,"comment_status":"open","ping_status":"open","sticky":false,"template":"","format":"standard","meta":{"tdm_status":"","tdm_grid_status":"","_jetpack_memberships_contains_paid_content":false,"footnotes":""},"categories":[39,46,340,50,103,86],"tags":[93,227,1449,676,135,1448],"class_list":{"0":"post-4376","1":"post","2":"type-post","3":"status-publish","4":"format-standard","5":"has-post-thumbnail","7":"category-colombia","8":"category-gobierno","9":"category-ministro","10":"category-opinion","11":"category-petro","12":"category-politica","13":"tag-colombia","14":"tag-gobierno","15":"tag-luis-gilberto-murillo","16":"tag-ministro","17":"tag-petro","18":"tag-relaciones-exteriores-de-colombia"},"jetpack_sharing_enabled":true,"jetpack_featured_media_url":"https:\/\/colombiaopina.com.co\/wp-content\/uploads\/2024\/05\/MINISTRO1.jpeg","amp_enabled":true,"_links":{"self":[{"href":"https:\/\/colombiaopina.com.co\/index.php\/wp-json\/wp\/v2\/posts\/4376"}],"collection":[{"href":"https:\/\/colombiaopina.com.co\/index.php\/wp-json\/wp\/v2\/posts"}],"about":[{"href":"https:\/\/colombiaopina.com.co\/index.php\/wp-json\/wp\/v2\/types\/post"}],"author":[{"embeddable":true,"href":"https:\/\/colombiaopina.com.co\/index.php\/wp-json\/wp\/v2\/users\/4"}],"replies":[{"embeddable":true,"href":"https:\/\/colombiaopina.com.co\/index.php\/wp-json\/wp\/v2\/comments?post=4376"}],"version-history":[{"count":1,"href":"https:\/\/colombiaopina.com.co\/index.php\/wp-json\/wp\/v2\/posts\/4376\/revisions"}],"predecessor-version":[{"id":4379,"href":"https:\/\/colombiaopina.com.co\/index.php\/wp-json\/wp\/v2\/posts\/4376\/revisions\/4379"}],"wp:featuredmedia":[{"embeddable":true,"href":"https:\/\/colombiaopina.com.co\/index.php\/wp-json\/wp\/v2\/media\/4377"}],"wp:attachment":[{"href":"https:\/\/colombiaopina.com.co\/index.php\/wp-json\/wp\/v2\/media?parent=4376"}],"wp:term":[{"taxonomy":"category","embeddable":true,"href":"https:\/\/colombiaopina.com.co\/index.php\/wp-json\/wp\/v2\/categories?post=4376"},{"taxonomy":"post_tag","embeddable":true,"href":"https:\/\/colombiaopina.com.co\/index.php\/wp-json\/wp\/v2\/tags?post=4376"}],"curies":[{"name":"wp","href":"https:\/\/api.w.org\/{rel}","templated":true}]}}