{"id":4368,"date":"2024-05-16T09:22:52","date_gmt":"2024-05-16T14:22:52","guid":{"rendered":"https:\/\/colombiaopina.com.co\/?p=4368"},"modified":"2024-05-16T09:22:54","modified_gmt":"2024-05-16T14:22:54","slug":"alarmante-desbalance-de-genero-entre-jovenes-nini-en-colombia-oit-destaca-que-por-cada-hombre-hay-dos-mujeres","status":"publish","type":"post","link":"https:\/\/colombiaopina.com.co\/index.php\/2024\/05\/16\/alarmante-desbalance-de-genero-entre-jovenes-nini-en-colombia-oit-destaca-que-por-cada-hombre-hay-dos-mujeres\/","title":{"rendered":"Alarmante desbalance de g\u00e9nero entre j\u00f3venes \u00abNiNi\u00bb en Colombia: OIT destaca que por cada hombre, hay dos mujeres"},"content":{"rendered":"<p>Un reciente informe de la Organizaci\u00f3n Internacional del Trabajo (OIT) revela una preocupante disparidad de g\u00e9nero entre los j\u00f3venes colombianos que ni estudian ni trabajan, conocidos popularmente como \u00abNiNi\u00bb. La investigaci\u00f3n, que analiz\u00f3 las tendencias del mercado laboral juvenil de Colombia desde 2016 hasta 2023, destaca que por cada hombre joven en esta condici\u00f3n, hay dos mujeres.<br><\/p><p>Este fen\u00f3meno no solo subraya los retos que enfrentan los j\u00f3venes en Colombia, sino tambi\u00e9n los particulares obst\u00e1culos que impiden a las mujeres j\u00f3venes integrarse plenamente al mercado laboral o al sistema educativo. Aunque la proporci\u00f3n ha mostrado una leve mejora desde 2016, cuando la cifra era de 2.4 mujeres por cada hombre, el n\u00famero sigue siendo alto con 1.9 mujeres por cada hombre joven \u00abNiNi\u00bb en 2023.<br><\/p><p>La OIT subraya que, aunque ha habido avances significativos en la reincorporaci\u00f3n de las mujeres j\u00f3venes a la educaci\u00f3n o al empleo, la recuperaci\u00f3n ha sido mucho m\u00e1s lenta para los hombres. Este desbalance se mantiene a pesar de la recuperaci\u00f3n econ\u00f3mica post-pandemia, que ha visto una lenta mejora en la ocupaci\u00f3n juvenil en comparaci\u00f3n con la poblaci\u00f3n en edad de trabajar, que sigue estando 11.7 puntos porcentuales por encima.<br><\/p><figure class=\"wp-block-image size-full\"><img loading=\"lazy\" decoding=\"async\" width=\"360\" height=\"240\" src=\"https:\/\/colombiaopina.com.co\/wp-content\/uploads\/2024\/05\/OIT.jpeg\" alt=\"\" class=\"wp-image-4370\" srcset=\"https:\/\/colombiaopina.com.co\/wp-content\/uploads\/2024\/05\/OIT.jpeg 360w, https:\/\/colombiaopina.com.co\/wp-content\/uploads\/2024\/05\/OIT-300x200.jpeg 300w, https:\/\/colombiaopina.com.co\/wp-content\/uploads\/2024\/05\/OIT-150x100.jpeg 150w\" sizes=\"(max-width: 360px) 100vw, 360px\" \/><\/figure><p>El reporte tambi\u00e9n llama la atenci\u00f3n sobre la necesidad urgente de pol\u00edticas espec\u00edficas que aborden no solo la inclusi\u00f3n laboral y educativa de los j\u00f3venes en general, pero particularmente de las mujeres j\u00f3venes. Esta diferencia subraya problemas estructurales m\u00e1s profundos dentro del sistema educativo y del mercado laboral que requieren intervenciones focalizadas y sostenidas.<br><\/p><p>Con una poblaci\u00f3n joven que constituye el 24% del total nacional, es decir, m\u00e1s de 12 millones de personas, la importancia de integrar eficazmente a estos j\u00f3venes en la econom\u00eda se vuelve crucial no solo para su desarrollo personal, sino para el progreso socioecon\u00f3mico del pa\u00eds en su conjunto.<\/p>","protected":false},"excerpt":{"rendered":"<p>Un reciente informe de la Organizaci\u00f3n Internacional del Trabajo (OIT) revela una preocupante disparidad de g\u00e9nero entre los j\u00f3venes colombianos que ni estudian ni trabajan, conocidos popularmente como \u00abNiNi\u00bb. La investigaci\u00f3n, que analiz\u00f3 las tendencias del mercado laboral juvenil de Colombia desde 2016 hasta 2023, destaca que por cada hombre joven en esta condici\u00f3n, hay [&hellip;]<\/p>\n","protected":false},"author":4,"featured_media":4369,"comment_status":"open","ping_status":"open","sticky":false,"template":"","format":"standard","meta":{"tdm_status":"","tdm_grid_status":"","_jetpack_memberships_contains_paid_content":false,"footnotes":""},"categories":[39,50],"tags":[93,1446,634,391,598,1445,1444],"class_list":{"0":"post-4368","1":"post","2":"type-post","3":"status-publish","4":"format-standard","5":"has-post-thumbnail","7":"category-colombia","8":"category-opinion","9":"tag-colombia","10":"tag-desbalance","11":"tag-hombres","12":"tag-jovenes","13":"tag-mujeres","14":"tag-nini","15":"tag-oit"},"jetpack_sharing_enabled":true,"jetpack_featured_media_url":"https:\/\/colombiaopina.com.co\/wp-content\/uploads\/2024\/05\/OIT1.jpeg","amp_enabled":true,"_links":{"self":[{"href":"https:\/\/colombiaopina.com.co\/index.php\/wp-json\/wp\/v2\/posts\/4368"}],"collection":[{"href":"https:\/\/colombiaopina.com.co\/index.php\/wp-json\/wp\/v2\/posts"}],"about":[{"href":"https:\/\/colombiaopina.com.co\/index.php\/wp-json\/wp\/v2\/types\/post"}],"author":[{"embeddable":true,"href":"https:\/\/colombiaopina.com.co\/index.php\/wp-json\/wp\/v2\/users\/4"}],"replies":[{"embeddable":true,"href":"https:\/\/colombiaopina.com.co\/index.php\/wp-json\/wp\/v2\/comments?post=4368"}],"version-history":[{"count":1,"href":"https:\/\/colombiaopina.com.co\/index.php\/wp-json\/wp\/v2\/posts\/4368\/revisions"}],"predecessor-version":[{"id":4371,"href":"https:\/\/colombiaopina.com.co\/index.php\/wp-json\/wp\/v2\/posts\/4368\/revisions\/4371"}],"wp:featuredmedia":[{"embeddable":true,"href":"https:\/\/colombiaopina.com.co\/index.php\/wp-json\/wp\/v2\/media\/4369"}],"wp:attachment":[{"href":"https:\/\/colombiaopina.com.co\/index.php\/wp-json\/wp\/v2\/media?parent=4368"}],"wp:term":[{"taxonomy":"category","embeddable":true,"href":"https:\/\/colombiaopina.com.co\/index.php\/wp-json\/wp\/v2\/categories?post=4368"},{"taxonomy":"post_tag","embeddable":true,"href":"https:\/\/colombiaopina.com.co\/index.php\/wp-json\/wp\/v2\/tags?post=4368"}],"curies":[{"name":"wp","href":"https:\/\/api.w.org\/{rel}","templated":true}]}}