{"id":4360,"date":"2024-05-16T09:08:45","date_gmt":"2024-05-16T14:08:45","guid":{"rendered":"https:\/\/colombiaopina.com.co\/?p=4360"},"modified":"2024-05-16T09:08:46","modified_gmt":"2024-05-16T14:08:46","slug":"atentado-contra-el-primer-ministro-eslovaco-robert-fico-estado-grave-tras-recibir-disparos","status":"publish","type":"post","link":"https:\/\/colombiaopina.com.co\/index.php\/2024\/05\/16\/atentado-contra-el-primer-ministro-eslovaco-robert-fico-estado-grave-tras-recibir-disparos\/","title":{"rendered":"Atentado contra el Primer Ministro eslovaco Robert Fico: estado grave tras recibir disparos"},"content":{"rendered":"<p>El Primer Ministro de Eslovaquia, Robert Fico, se encuentra en estado grave tras ser v\u00edctima de un atentado a tiros al salir de una reuni\u00f3n de gobierno en Handlova. El ataque ocurri\u00f3 mientras Fico se acercaba a saludar a sus seguidores, momento en que un hombre de 50 a\u00f1os entre la multitud abri\u00f3 fuego, impactando al Primer Ministro en el pecho y el abdomen.<br><\/p><p>El atacante fue detenido inmediatamente por la polic\u00eda en el lugar de los hechos. Los disparos causaron que Fico cayera al suelo, siendo r\u00e1pidamente rodeado por oficiales de seguridad que respondieron al incidente. A pesar de las r\u00e1pidas acciones de las fuerzas del orden, la gravedad de las heridas sufridas ha generado preocupaci\u00f3n.<br><\/p><p>Robert Fico fue trasladado de urgencia en helic\u00f3ptero hacia un hospital en Bratislava. Los reportes sobre su estado de salud son contradictorios; algunos medios locales indican que se encuentra estable con heridas en un brazo y una pierna, mientras que otros sugieren que su vida est\u00e1 en peligro debido a los impactos en su pecho.<br><\/p><figure class=\"wp-block-image size-full\"><img loading=\"lazy\" decoding=\"async\" width=\"640\" height=\"360\" src=\"https:\/\/colombiaopina.com.co\/wp-content\/uploads\/2024\/05\/ESLOVAQUIA.jpeg\" alt=\"\" class=\"wp-image-4362\" srcset=\"https:\/\/colombiaopina.com.co\/wp-content\/uploads\/2024\/05\/ESLOVAQUIA.jpeg 640w, https:\/\/colombiaopina.com.co\/wp-content\/uploads\/2024\/05\/ESLOVAQUIA-300x169.jpeg 300w, https:\/\/colombiaopina.com.co\/wp-content\/uploads\/2024\/05\/ESLOVAQUIA-150x84.jpeg 150w, https:\/\/colombiaopina.com.co\/wp-content\/uploads\/2024\/05\/ESLOVAQUIA-600x338.jpeg 600w\" sizes=\"(max-width: 640px) 100vw, 640px\" \/><\/figure><p>L\u00edderes mundiales han expresado su consternaci\u00f3n y condena frente al ataque. La presidenta de la Comisi\u00f3n Europea, \u00darsula Von der Leyen, ha enfatizado que actos de esta naturaleza no tienen cabida en la sociedad y atentan contra los valores democr\u00e1ticos. El Primer Ministro brit\u00e1nico, Rishi Sunak, y el presidente espa\u00f1ol, Pedro S\u00e1nchez, tambi\u00e9n han manifestado su solidaridad con Fico y su familia, repudiando la violencia.<br><\/p><p>Este atentado pone en relieve la vulnerabilidad de los l\u00edderes pol\u00edticos y el impacto que la violencia puede tener en la estabilidad pol\u00edtica y social de un pa\u00eds. El mundo pol\u00edtico y la comunidad internacional estar\u00e1n pendientes de la evoluci\u00f3n del estado de salud de Fico y las implicaciones de este grave suceso.<\/p>","protected":false},"excerpt":{"rendered":"<p>El Primer Ministro de Eslovaquia, Robert Fico, se encuentra en estado grave tras ser v\u00edctima de un atentado a tiros al salir de una reuni\u00f3n de gobierno en Handlova. El ataque ocurri\u00f3 mientras Fico se acercaba a saludar a sus seguidores, momento en que un hombre de 50 a\u00f1os entre la multitud abri\u00f3 fuego, impactando [&hellip;]<\/p>\n","protected":false},"author":4,"featured_media":4361,"comment_status":"open","ping_status":"open","sticky":false,"template":"","format":"standard","meta":{"tdm_status":"","tdm_grid_status":"","_jetpack_memberships_contains_paid_content":false,"footnotes":""},"categories":[45,53,340,86],"tags":[839,1441,596,1442,1443],"class_list":{"0":"post-4360","1":"post","2":"type-post","3":"status-publish","4":"format-standard","5":"has-post-thumbnail","7":"category-emergencias","8":"category-internacional","9":"category-ministro","10":"category-politica","11":"tag-atentado","12":"tag-eslovaquia","13":"tag-internacional","14":"tag-primer-ministro","15":"tag-robert-fico"},"jetpack_sharing_enabled":true,"jetpack_featured_media_url":"https:\/\/colombiaopina.com.co\/wp-content\/uploads\/2024\/05\/ESLOVAQUIA1.jpeg","amp_enabled":true,"_links":{"self":[{"href":"https:\/\/colombiaopina.com.co\/index.php\/wp-json\/wp\/v2\/posts\/4360"}],"collection":[{"href":"https:\/\/colombiaopina.com.co\/index.php\/wp-json\/wp\/v2\/posts"}],"about":[{"href":"https:\/\/colombiaopina.com.co\/index.php\/wp-json\/wp\/v2\/types\/post"}],"author":[{"embeddable":true,"href":"https:\/\/colombiaopina.com.co\/index.php\/wp-json\/wp\/v2\/users\/4"}],"replies":[{"embeddable":true,"href":"https:\/\/colombiaopina.com.co\/index.php\/wp-json\/wp\/v2\/comments?post=4360"}],"version-history":[{"count":1,"href":"https:\/\/colombiaopina.com.co\/index.php\/wp-json\/wp\/v2\/posts\/4360\/revisions"}],"predecessor-version":[{"id":4363,"href":"https:\/\/colombiaopina.com.co\/index.php\/wp-json\/wp\/v2\/posts\/4360\/revisions\/4363"}],"wp:featuredmedia":[{"embeddable":true,"href":"https:\/\/colombiaopina.com.co\/index.php\/wp-json\/wp\/v2\/media\/4361"}],"wp:attachment":[{"href":"https:\/\/colombiaopina.com.co\/index.php\/wp-json\/wp\/v2\/media?parent=4360"}],"wp:term":[{"taxonomy":"category","embeddable":true,"href":"https:\/\/colombiaopina.com.co\/index.php\/wp-json\/wp\/v2\/categories?post=4360"},{"taxonomy":"post_tag","embeddable":true,"href":"https:\/\/colombiaopina.com.co\/index.php\/wp-json\/wp\/v2\/tags?post=4360"}],"curies":[{"name":"wp","href":"https:\/\/api.w.org\/{rel}","templated":true}]}}