{"id":3996,"date":"2024-05-07T07:13:32","date_gmt":"2024-05-07T12:13:32","guid":{"rendered":"https:\/\/colombiaopina.com.co\/?p=3996"},"modified":"2024-05-07T07:13:34","modified_gmt":"2024-05-07T12:13:34","slug":"tragedia-en-el-poblado-muere-aleman-en-circunstancias-misteriosas","status":"publish","type":"post","link":"https:\/\/colombiaopina.com.co\/index.php\/2024\/05\/07\/tragedia-en-el-poblado-muere-aleman-en-circunstancias-misteriosas\/","title":{"rendered":"Tragedia en El Poblado: Muere alem\u00e1n en circunstancias misteriosas"},"content":{"rendered":"<p>Una sombra de misterio y consternaci\u00f3n se ha cernido sobre el exclusivo barrio de El Poblado en Medell\u00edn, tras el fallecimiento de Johann Christof Friedrich Kuchenan, un matem\u00e1tico alem\u00e1n retirado de 75 a\u00f1os, encontrado inconsciente en su apartamento y declarado muerto al llegar al Hospital Pablo Tob\u00f3n Uribe. Este suceso plantea interrogantes que las autoridades locales est\u00e1n decididas a esclarecer.<br><\/p><p>El incidente ocurri\u00f3 la tarde del lunes, cuando el ciudadano alem\u00e1n fue hallado en su residencia situada en la calle 3 sur con carrera 38. A pesar de los esfuerzos de los servicios de emergencia que lo trasladaron r\u00e1pidamente al centro m\u00e9dico, Kuchenan fue declarado muerto a su llegada. Los m\u00e9dicos, al no detectar signos de violencia, decidieron no certificar la causa de la muerte y procedieron a notificar al CTI de la Fiscal\u00eda para la realizaci\u00f3n de una inspecci\u00f3n judicial m\u00e1s detallada.<br><\/p><figure class=\"wp-block-image size-full\"><img loading=\"lazy\" decoding=\"async\" width=\"612\" height=\"408\" src=\"https:\/\/colombiaopina.com.co\/wp-content\/uploads\/2024\/05\/ALEMAN.jpeg\" alt=\"\" class=\"wp-image-3998\" srcset=\"https:\/\/colombiaopina.com.co\/wp-content\/uploads\/2024\/05\/ALEMAN.jpeg 612w, https:\/\/colombiaopina.com.co\/wp-content\/uploads\/2024\/05\/ALEMAN-300x200.jpeg 300w, https:\/\/colombiaopina.com.co\/wp-content\/uploads\/2024\/05\/ALEMAN-150x100.jpeg 150w, https:\/\/colombiaopina.com.co\/wp-content\/uploads\/2024\/05\/ALEMAN-600x400.jpeg 600w\" sizes=\"(max-width: 612px) 100vw, 612px\" \/><\/figure><p>Este evento se suma a una serie de muertes de extranjeros en la ciudad, elevando a tres el n\u00famero de no nacionales fallecidos en las \u00faltimas dos semanas en Medell\u00edn, y a 22 en el Valle de Aburr\u00e1 durante el \u00faltimo a\u00f1o. Estos casos, que incluyen un homicidio, cinco suicidios y tres muertes naturales confirmadas, han encendido las alarmas sobre la seguridad y las condiciones m\u00e9dicas de los visitantes extranjeros en la regi\u00f3n.<br><\/p><p>Las autoridades han prometido una investigaci\u00f3n exhaustiva para determinar la causa exacta de la muerte de Kuchenan. Seg\u00fan fuentes oficiales, se realizar\u00e1 una evaluaci\u00f3n completa en el Instituto de Medicina Legal para descartar cualquier posibilidad de un acto criminal o negligencia. Este caso no s\u00f3lo plantea preguntas sobre la seguridad en uno de los barrios m\u00e1s afamados de la ciudad, sino que tambi\u00e9n pone de relieve la necesidad de un escrutinio m\u00e1s riguroso en la atenci\u00f3n m\u00e9dica y el bienestar de los residentes extranjeros en Medell\u00edn.<\/p>","protected":false},"excerpt":{"rendered":"<p>Una sombra de misterio y consternaci\u00f3n se ha cernido sobre el exclusivo barrio de El Poblado en Medell\u00edn, tras el fallecimiento de Johann Christof Friedrich Kuchenan, un matem\u00e1tico alem\u00e1n retirado de 75 a\u00f1os, encontrado inconsciente en su apartamento y declarado muerto al llegar al Hospital Pablo Tob\u00f3n Uribe. Este suceso plantea interrogantes que las autoridades [&hellip;]<\/p>\n","protected":false},"author":4,"featured_media":3997,"comment_status":"open","ping_status":"open","sticky":false,"template":"","format":"standard","meta":{"tdm_status":"","tdm_grid_status":"","_jetpack_memberships_contains_paid_content":false,"footnotes":""},"categories":[38,118,39,150,105,46,196,54,49,110,41],"tags":[1362,282,93,781,175,227,62,277,127,65],"class_list":{"0":"post-3996","1":"post","2":"type-post","3":"status-publish","4":"format-standard","5":"has-post-thumbnail","7":"category-antioquia","8":"category-asesinato","9":"category-colombia","10":"category-extranjeros","11":"category-fiscalia","12":"category-gobierno","13":"category-homicidios","14":"category-medellin","15":"category-orden-publico","16":"category-policia","17":"category-seguridad","18":"tag-aleman","19":"tag-antioquia","20":"tag-colombia","21":"tag-el-poblado","22":"tag-extrajero","23":"tag-gobierno","24":"tag-medellin","25":"tag-muerte","26":"tag-orden-publico","27":"tag-seguridad"},"jetpack_sharing_enabled":true,"jetpack_featured_media_url":"https:\/\/colombiaopina.com.co\/wp-content\/uploads\/2024\/05\/ALEMAN1.jpeg","amp_enabled":true,"_links":{"self":[{"href":"https:\/\/colombiaopina.com.co\/index.php\/wp-json\/wp\/v2\/posts\/3996"}],"collection":[{"href":"https:\/\/colombiaopina.com.co\/index.php\/wp-json\/wp\/v2\/posts"}],"about":[{"href":"https:\/\/colombiaopina.com.co\/index.php\/wp-json\/wp\/v2\/types\/post"}],"author":[{"embeddable":true,"href":"https:\/\/colombiaopina.com.co\/index.php\/wp-json\/wp\/v2\/users\/4"}],"replies":[{"embeddable":true,"href":"https:\/\/colombiaopina.com.co\/index.php\/wp-json\/wp\/v2\/comments?post=3996"}],"version-history":[{"count":1,"href":"https:\/\/colombiaopina.com.co\/index.php\/wp-json\/wp\/v2\/posts\/3996\/revisions"}],"predecessor-version":[{"id":3999,"href":"https:\/\/colombiaopina.com.co\/index.php\/wp-json\/wp\/v2\/posts\/3996\/revisions\/3999"}],"wp:featuredmedia":[{"embeddable":true,"href":"https:\/\/colombiaopina.com.co\/index.php\/wp-json\/wp\/v2\/media\/3997"}],"wp:attachment":[{"href":"https:\/\/colombiaopina.com.co\/index.php\/wp-json\/wp\/v2\/media?parent=3996"}],"wp:term":[{"taxonomy":"category","embeddable":true,"href":"https:\/\/colombiaopina.com.co\/index.php\/wp-json\/wp\/v2\/categories?post=3996"},{"taxonomy":"post_tag","embeddable":true,"href":"https:\/\/colombiaopina.com.co\/index.php\/wp-json\/wp\/v2\/tags?post=3996"}],"curies":[{"name":"wp","href":"https:\/\/api.w.org\/{rel}","templated":true}]}}