{"id":3946,"date":"2024-05-06T08:35:47","date_gmt":"2024-05-06T13:35:47","guid":{"rendered":"https:\/\/colombiaopina.com.co\/?p=3946"},"modified":"2024-05-06T08:35:49","modified_gmt":"2024-05-06T13:35:49","slug":"rodolfo-correa-nuevo-timonel-de-acopi-comprometido-con-la-defensa-de-la-mipymes","status":"publish","type":"post","link":"https:\/\/colombiaopina.com.co\/index.php\/2024\/05\/06\/rodolfo-correa-nuevo-timonel-de-acopi-comprometido-con-la-defensa-de-la-mipymes\/","title":{"rendered":"Rodolfo Correa, nuevo timonel de Acopi: comprometido con la defensa de la Mipymes"},"content":{"rendered":"<p>La Asociaci\u00f3n Colombiana de las Micro, Peque\u00f1as y Medianas Empresas (ACOPI) ha designado a Rodolfo Correa como su nuevo presidente ejecutivo nacional. La elecci\u00f3n, que se realiz\u00f3 por unanimidad en la junta directiva, posiciona a Correa al frente de uno de los gremios m\u00e1s influyentes en el sector empresarial colombiano.<br><\/p><p>Correa, quien es abogado con un m\u00e1ster en Derechos Fundamentales de la Universidad Carlos III de Madrid y una maestr\u00eda en Derecho Administrativo de la Universidad del Rosario, aporta a su nuevo cargo una vasta experiencia en diversas \u00e1reas del sector p\u00fablico y acad\u00e9mico. Adem\u00e1s de ser especialista en Literatura y Poder, recientemente compiti\u00f3 por la alcald\u00eda de Medell\u00edn, aunque no result\u00f3 ganador.<br><\/p><figure class=\"wp-block-image size-large\"><img loading=\"lazy\" decoding=\"async\" width=\"1024\" height=\"853\" src=\"https:\/\/colombiaopina.com.co\/wp-content\/uploads\/2024\/05\/CORREA-1024x853.jpeg\" alt=\"\" class=\"wp-image-3948\" srcset=\"https:\/\/colombiaopina.com.co\/wp-content\/uploads\/2024\/05\/CORREA-1024x853.jpeg 1024w, https:\/\/colombiaopina.com.co\/wp-content\/uploads\/2024\/05\/CORREA-300x250.jpeg 300w, https:\/\/colombiaopina.com.co\/wp-content\/uploads\/2024\/05\/CORREA-768x640.jpeg 768w, https:\/\/colombiaopina.com.co\/wp-content\/uploads\/2024\/05\/CORREA-150x125.jpeg 150w, https:\/\/colombiaopina.com.co\/wp-content\/uploads\/2024\/05\/CORREA-696x580.jpeg 696w, https:\/\/colombiaopina.com.co\/wp-content\/uploads\/2024\/05\/CORREA-1068x890.jpeg 1068w, https:\/\/colombiaopina.com.co\/wp-content\/uploads\/2024\/05\/CORREA-600x500.jpeg 600w, https:\/\/colombiaopina.com.co\/wp-content\/uploads\/2024\/05\/CORREA.jpeg 1080w\" sizes=\"(max-width: 1024px) 100vw, 1024px\" \/><\/figure><p>Su trayectoria incluye roles significativos como Presidente del Consejo Nacional de Secretarios de Agricultura y Vicepresidente de la Universidad Aut\u00f3noma Latinoamericana. Tambi\u00e9n es reconocido por su contribuci\u00f3n acad\u00e9mica, siendo autor de seis libros y un experto en Arbitraje por la C\u00e1mara de Comercio de Bogot\u00e1.<br><\/p><p>Durante su discurso de aceptaci\u00f3n, Correa destac\u00f3 la importancia de los gremios en la defensa de los intereses colectivos frente a las grandes superestructuras del siglo XXI, como el Estado, las plataformas digitales y el mercado. Su visi\u00f3n para ACOPI es fortalecer estas organizaciones como pilares fundamentales para la protecci\u00f3n y promoci\u00f3n de las peque\u00f1as y medianas empresas en Colombia.<\/p>","protected":false},"excerpt":{"rendered":"<p>La Asociaci\u00f3n Colombiana de las Micro, Peque\u00f1as y Medianas Empresas (ACOPI) ha designado a Rodolfo Correa como su nuevo presidente ejecutivo nacional. La elecci\u00f3n, que se realiz\u00f3 por unanimidad en la junta directiva, posiciona a Correa al frente de uno de los gremios m\u00e1s influyentes en el sector empresarial colombiano. Correa, quien es abogado con [&hellip;]<\/p>\n","protected":false},"author":4,"featured_media":3947,"comment_status":"open","ping_status":"open","sticky":false,"template":"","format":"standard","meta":{"tdm_status":"","tdm_grid_status":"","_jetpack_memberships_contains_paid_content":false,"footnotes":""},"categories":[39,46,50,86],"tags":[1345,93,1346,1344],"class_list":{"0":"post-3946","1":"post","2":"type-post","3":"status-publish","4":"format-standard","5":"has-post-thumbnail","7":"category-colombia","8":"category-gobierno","9":"category-opinion","10":"category-politica","11":"tag-acopi","12":"tag-colombia","13":"tag-correa","14":"tag-mipymes"},"jetpack_sharing_enabled":true,"jetpack_featured_media_url":"https:\/\/colombiaopina.com.co\/wp-content\/uploads\/2024\/05\/CORREA1.jpeg","amp_enabled":true,"_links":{"self":[{"href":"https:\/\/colombiaopina.com.co\/index.php\/wp-json\/wp\/v2\/posts\/3946"}],"collection":[{"href":"https:\/\/colombiaopina.com.co\/index.php\/wp-json\/wp\/v2\/posts"}],"about":[{"href":"https:\/\/colombiaopina.com.co\/index.php\/wp-json\/wp\/v2\/types\/post"}],"author":[{"embeddable":true,"href":"https:\/\/colombiaopina.com.co\/index.php\/wp-json\/wp\/v2\/users\/4"}],"replies":[{"embeddable":true,"href":"https:\/\/colombiaopina.com.co\/index.php\/wp-json\/wp\/v2\/comments?post=3946"}],"version-history":[{"count":1,"href":"https:\/\/colombiaopina.com.co\/index.php\/wp-json\/wp\/v2\/posts\/3946\/revisions"}],"predecessor-version":[{"id":3949,"href":"https:\/\/colombiaopina.com.co\/index.php\/wp-json\/wp\/v2\/posts\/3946\/revisions\/3949"}],"wp:featuredmedia":[{"embeddable":true,"href":"https:\/\/colombiaopina.com.co\/index.php\/wp-json\/wp\/v2\/media\/3947"}],"wp:attachment":[{"href":"https:\/\/colombiaopina.com.co\/index.php\/wp-json\/wp\/v2\/media?parent=3946"}],"wp:term":[{"taxonomy":"category","embeddable":true,"href":"https:\/\/colombiaopina.com.co\/index.php\/wp-json\/wp\/v2\/categories?post=3946"},{"taxonomy":"post_tag","embeddable":true,"href":"https:\/\/colombiaopina.com.co\/index.php\/wp-json\/wp\/v2\/tags?post=3946"}],"curies":[{"name":"wp","href":"https:\/\/api.w.org\/{rel}","templated":true}]}}