{"id":3856,"date":"2024-05-02T15:29:01","date_gmt":"2024-05-02T20:29:01","guid":{"rendered":"https:\/\/colombiaopina.com.co\/?p=3856"},"modified":"2024-05-02T15:29:41","modified_gmt":"2024-05-02T20:29:41","slug":"diez-frases-contundentes-de-gustavo-petro-en-su-discurso-del-1-de-mayo-desafios-a-la-oposicion-y-anuncios-internacionales","status":"publish","type":"post","link":"https:\/\/colombiaopina.com.co\/index.php\/2024\/05\/02\/diez-frases-contundentes-de-gustavo-petro-en-su-discurso-del-1-de-mayo-desafios-a-la-oposicion-y-anuncios-internacionales\/","title":{"rendered":"Diez frases contundentes de Gustavo Petro en su discurso del 1 de mayo: Desaf\u00edos a la oposici\u00f3n y anuncios internacionales"},"content":{"rendered":"<p>En un vibrante discurso el 1 de mayo, frente a una multitud que llen\u00f3 la Plaza de Bol\u00edvar, el presidente Gustavo Petro lanz\u00f3 una serie de declaraciones audaces, abordando temas desde la pol\u00edtica interna hasta asuntos de pol\u00edtica exterior. Aqu\u00ed est\u00e1n las diez frases m\u00e1s impactantes que marcaron su intervenci\u00f3n:<\/p><p>Defensa de la Democracia: \u201cSi intentan un golpe contra la voluntad como el 19 de abril, el pueblo recuperar\u00e1 la democracia.\u201d Petro afirm\u00f3 su determinaci\u00f3n de usar las calles para defender los cambios democr\u00e1ticos, criticando duramente la marcha del 21 de abril que, seg\u00fan \u00e9l, cuestionaba la legitimidad de su gobierno.<br><\/p><p>Cr\u00edtica a \u00c1lvaro Uribe: \u201cEl presidente Uribe se equivoc\u00f3 de cabo a rabo\u201d. Petro cuestion\u00f3 las pol\u00edticas laborales de Uribe, argumentando que han contribuido a jornadas laborales extensas y baja productividad, perjudicando la dignidad de los trabajadores colombianos.<br><\/p><p>Ruptura con Israel: \u201cMa\u00f1ana se romper\u00e1n las relaciones diplom\u00e1ticas con el Estado de Israel\u201d. El presidente anunci\u00f3 una medida dr\u00e1stica en respuesta a las acciones del gobierno israel\u00ed, comparando las pol\u00edticas de Netanyahu con el nazismo.<br><\/p><p>Reforma de Salud y Cr\u00edtica a los Intereses Privados: \u201c\u00bfQu\u00e9 pasar\u00eda con ese sudaca en Espa\u00f1a?\u201d En referencia al due\u00f1o de Keralty, Petro denunci\u00f3 el lucro en el sistema de salud y defendi\u00f3 su reforma como un esfuerzo para universalizar el acceso a servicios de salud de calidad.<br><\/p><p>Desaf\u00edo a su propio Gabinete: \u201cA\u00fan hay ministros y ministras que les da miedo, temen\u201d. Petro expres\u00f3 frustraci\u00f3n con miembros de su gobierno que, en su opini\u00f3n, no est\u00e1n completamente comprometidos con su agenda de cambio.<br><\/p><p>Contra la Oligarqu\u00eda Colombiana: \u201cNo les gusta que no me llame Ospina, que no me llame Lleras, que no me llame Santos\u201d. El presidente critic\u00f3 a las familias tradicionalmente poderosas en Colombia, implicando que se oponen a \u00e9l por no pertenecer a su c\u00edrculo.<br><\/p><p>Cr\u00edtica al Sistema Pensional: \u201cHicieron de las pensiones un negocio de banqueros\u201d. Petro atac\u00f3 la privatizaci\u00f3n del sistema pensional, argumentando que beneficia a unos pocos a expensas de la mayor\u00eda.<br><\/p><figure class=\"wp-block-image size-large\"><img loading=\"lazy\" decoding=\"async\" width=\"1024\" height=\"512\" src=\"https:\/\/colombiaopina.com.co\/wp-content\/uploads\/2024\/05\/PETRO-MARCHA-1024x512.jpeg\" alt=\"\" class=\"wp-image-3858\" srcset=\"https:\/\/colombiaopina.com.co\/wp-content\/uploads\/2024\/05\/PETRO-MARCHA-1024x512.jpeg 1024w, https:\/\/colombiaopina.com.co\/wp-content\/uploads\/2024\/05\/PETRO-MARCHA-300x150.jpeg 300w, https:\/\/colombiaopina.com.co\/wp-content\/uploads\/2024\/05\/PETRO-MARCHA-768x384.jpeg 768w, https:\/\/colombiaopina.com.co\/wp-content\/uploads\/2024\/05\/PETRO-MARCHA-150x75.jpeg 150w, https:\/\/colombiaopina.com.co\/wp-content\/uploads\/2024\/05\/PETRO-MARCHA-696x348.jpeg 696w, https:\/\/colombiaopina.com.co\/wp-content\/uploads\/2024\/05\/PETRO-MARCHA-1068x534.jpeg 1068w, https:\/\/colombiaopina.com.co\/wp-content\/uploads\/2024\/05\/PETRO-MARCHA-600x300.jpeg 600w, https:\/\/colombiaopina.com.co\/wp-content\/uploads\/2024\/05\/PETRO-MARCHA.jpeg 1200w\" sizes=\"(max-width: 1024px) 100vw, 1024px\" \/><\/figure><p>Respuesta a las Protestas de Oposici\u00f3n: \u201cConstituyeron la marcha de la muerte\u201d. Refiri\u00e9ndose a las protestas del 21 de abril, el presidente las calific\u00f3 como un intento de desestabilizar su gobierno.<br><\/p><p>Llamado a una Asamblea Constituyente: \u201cQue las palabras constituyentes se escriban\u201d. Petro reiter\u00f3 su deseo de reformar profundamente la constituci\u00f3n para solidificar los cambios democr\u00e1ticos y sociales.<br><\/p><p>Defensa de su Legado Pol\u00edtico: \u201cNo, se\u00f1ores, esa bandera (la del M-19) no se guarda y no se esconde, se levanta\u201d. Petro defendi\u00f3 el uso de s\u00edmbolos de su antiguo movimiento guerrillero, argumentando que representa un compromiso con la justicia y la democracia.<br><\/p><p>Estas declaraciones resumen la firmeza con la que el presidente Petro busca enfrentar tanto a sus detractores internos como a los desaf\u00edos internacionales, en un intento por redefinir la pol\u00edtica y la sociedad colombianas en t\u00e9rminos m\u00e1s inclusivos y equitativos.<\/p>","protected":false},"excerpt":{"rendered":"<p>En un vibrante discurso el 1 de mayo, frente a una multitud que llen\u00f3 la Plaza de Bol\u00edvar, el presidente Gustavo Petro lanz\u00f3 una serie de declaraciones audaces, abordando temas desde la pol\u00edtica interna hasta asuntos de pol\u00edtica exterior. Aqu\u00ed est\u00e1n las diez frases m\u00e1s impactantes que marcaron su intervenci\u00f3n: Defensa de la Democracia: \u201cSi [&hellip;]<\/p>\n","protected":false},"author":4,"featured_media":3857,"comment_status":"open","ping_status":"open","sticky":false,"template":"","format":"standard","meta":{"tdm_status":"","tdm_grid_status":"","_jetpack_memberships_contains_paid_content":false,"footnotes":""},"categories":[39,46,53,50,49,103,86],"tags":[1281,93,1320,227,210,127,135],"class_list":{"0":"post-3856","1":"post","2":"type-post","3":"status-publish","4":"format-standard","5":"has-post-thumbnail","7":"category-colombia","8":"category-gobierno","9":"category-internacional","10":"category-opinion","11":"category-orden-publico","12":"category-petro","13":"category-politica","14":"tag-1-de-mayo","15":"tag-colombia","16":"tag-discurso","17":"tag-gobierno","18":"tag-marchas","19":"tag-orden-publico","20":"tag-petro"},"jetpack_sharing_enabled":true,"jetpack_featured_media_url":"https:\/\/colombiaopina.com.co\/wp-content\/uploads\/2024\/05\/PETRO-MARCHA1.jpeg","amp_enabled":true,"_links":{"self":[{"href":"https:\/\/colombiaopina.com.co\/index.php\/wp-json\/wp\/v2\/posts\/3856"}],"collection":[{"href":"https:\/\/colombiaopina.com.co\/index.php\/wp-json\/wp\/v2\/posts"}],"about":[{"href":"https:\/\/colombiaopina.com.co\/index.php\/wp-json\/wp\/v2\/types\/post"}],"author":[{"embeddable":true,"href":"https:\/\/colombiaopina.com.co\/index.php\/wp-json\/wp\/v2\/users\/4"}],"replies":[{"embeddable":true,"href":"https:\/\/colombiaopina.com.co\/index.php\/wp-json\/wp\/v2\/comments?post=3856"}],"version-history":[{"count":2,"href":"https:\/\/colombiaopina.com.co\/index.php\/wp-json\/wp\/v2\/posts\/3856\/revisions"}],"predecessor-version":[{"id":3861,"href":"https:\/\/colombiaopina.com.co\/index.php\/wp-json\/wp\/v2\/posts\/3856\/revisions\/3861"}],"wp:featuredmedia":[{"embeddable":true,"href":"https:\/\/colombiaopina.com.co\/index.php\/wp-json\/wp\/v2\/media\/3857"}],"wp:attachment":[{"href":"https:\/\/colombiaopina.com.co\/index.php\/wp-json\/wp\/v2\/media?parent=3856"}],"wp:term":[{"taxonomy":"category","embeddable":true,"href":"https:\/\/colombiaopina.com.co\/index.php\/wp-json\/wp\/v2\/categories?post=3856"},{"taxonomy":"post_tag","embeddable":true,"href":"https:\/\/colombiaopina.com.co\/index.php\/wp-json\/wp\/v2\/tags?post=3856"}],"curies":[{"name":"wp","href":"https:\/\/api.w.org\/{rel}","templated":true}]}}