{"id":3761,"date":"2024-04-30T07:17:46","date_gmt":"2024-04-30T12:17:46","guid":{"rendered":"https:\/\/colombiaopina.com.co\/?p=3761"},"modified":"2024-04-30T07:17:48","modified_gmt":"2024-04-30T12:17:48","slug":"jose-mujica-enfrenta-un-nuevo-desafio-de-salud-con-fortaleza-y-mensaje-de-esperanza","status":"publish","type":"post","link":"https:\/\/colombiaopina.com.co\/index.php\/2024\/04\/30\/jose-mujica-enfrenta-un-nuevo-desafio-de-salud-con-fortaleza-y-mensaje-de-esperanza\/","title":{"rendered":"Jos\u00e9 Mujica enfrenta un nuevo desaf\u00edo de salud con fortaleza y mensaje de esperanza"},"content":{"rendered":"<p>El expresidente de Uruguay, Jos\u00e9 \u00abPepe\u00bb Mujica, revel\u00f3 en una rueda de prensa que padece un tumor en el es\u00f3fago, un diagn\u00f3stico complicado por su condici\u00f3n inmunol\u00f3gica cr\u00f3nica que ha afectado sus ri\u00f1ones durante m\u00e1s de dos d\u00e9cadas. A pesar de la gravedad de la situaci\u00f3n, Mujica, de 88 a\u00f1os, comparti\u00f3 un mensaje de resilencia y optimismo, reflejando su conocida filosof\u00eda de vida.<br><\/p><p>Durante el anuncio, Mujica, quien ha sido una figura emblem\u00e1tica en la pol\u00edtica latinoamericana por su enfoque humanista y su estilo de vida modesto, expres\u00f3 su deseo de continuar participando en la vida p\u00fablica y sus pasatiempos, como el cultivo de verduras. \u00abMientras el rollo aguante, voy a seguir\u00bb, afirm\u00f3, destacando su intenci\u00f3n de seguir militando por las causas que lo han definido a lo largo de su vida.<br><\/p><p>El diagn\u00f3stico presenta desaf\u00edos particulares debido a la dificultad de aplicar tratamientos convencionales como la quimioterapia o la cirug\u00eda, dada su condici\u00f3n preexistente. Su equipo m\u00e9dico est\u00e1 evaluando las mejores opciones de tratamiento viables, mientras que \u00e9l mantiene una actitud positiva y agradecida.<br><\/p><figure class=\"wp-block-image size-full\"><img loading=\"lazy\" decoding=\"async\" width=\"420\" height=\"280\" src=\"https:\/\/colombiaopina.com.co\/wp-content\/uploads\/2024\/04\/MOJICA1.jpeg\" alt=\"\" class=\"wp-image-3763\" srcset=\"https:\/\/colombiaopina.com.co\/wp-content\/uploads\/2024\/04\/MOJICA1.jpeg 420w, https:\/\/colombiaopina.com.co\/wp-content\/uploads\/2024\/04\/MOJICA1-300x200.jpeg 300w, https:\/\/colombiaopina.com.co\/wp-content\/uploads\/2024\/04\/MOJICA1-150x100.jpeg 150w\" sizes=\"(max-width: 420px) 100vw, 420px\" \/><\/figure><p>Conocido por su rechazo a los lujos y su compromiso con la igualdad social, Mujica tambi\u00e9n aprovech\u00f3 el momento para enviar un mensaje a las generaciones m\u00e1s j\u00f3venes, inst\u00e1ndolas a transformar la frustraci\u00f3n en esperanza y a luchar por el amor en lugar de sucumbir al odio. \u00abQuiero transmitirles a las pibas y pibes que la vida es hermosa, y se gasta y se va\u00bb, dijo, recordando a todos la importancia de vivir plenamente y con prop\u00f3sito.<br><\/p><p>Este nuevo cap\u00edtulo en la vida de Mujica no solo destaca su fortaleza personal sino que tambi\u00e9n sirve como un recordatorio de su impacto duradero en la pol\u00edtica y la sociedad, no solo en Uruguay sino en todo el mundo.<\/p>","protected":false},"excerpt":{"rendered":"<p>El expresidente de Uruguay, Jos\u00e9 \u00abPepe\u00bb Mujica, revel\u00f3 en una rueda de prensa que padece un tumor en el es\u00f3fago, un diagn\u00f3stico complicado por su condici\u00f3n inmunol\u00f3gica cr\u00f3nica que ha afectado sus ri\u00f1ones durante m\u00e1s de dos d\u00e9cadas. A pesar de la gravedad de la situaci\u00f3n, Mujica, de 88 a\u00f1os, comparti\u00f3 un mensaje de resilencia [&hellip;]<\/p>\n","protected":false},"author":4,"featured_media":3762,"comment_status":"open","ping_status":"open","sticky":false,"template":"","format":"standard","meta":{"tdm_status":"","tdm_grid_status":"","_jetpack_memberships_contains_paid_content":false,"footnotes":""},"categories":[53,86,60],"tags":[1278,336,182,1279],"class_list":{"0":"post-3761","1":"post","2":"type-post","3":"status-publish","4":"format-standard","5":"has-post-thumbnail","7":"category-internacional","8":"category-politica","9":"category-salud","10":"tag-mojica","11":"tag-presidente","12":"tag-salud","13":"tag-uruguay"},"jetpack_sharing_enabled":true,"jetpack_featured_media_url":"https:\/\/colombiaopina.com.co\/wp-content\/uploads\/2024\/04\/MOJICA.jpeg","amp_enabled":true,"_links":{"self":[{"href":"https:\/\/colombiaopina.com.co\/index.php\/wp-json\/wp\/v2\/posts\/3761"}],"collection":[{"href":"https:\/\/colombiaopina.com.co\/index.php\/wp-json\/wp\/v2\/posts"}],"about":[{"href":"https:\/\/colombiaopina.com.co\/index.php\/wp-json\/wp\/v2\/types\/post"}],"author":[{"embeddable":true,"href":"https:\/\/colombiaopina.com.co\/index.php\/wp-json\/wp\/v2\/users\/4"}],"replies":[{"embeddable":true,"href":"https:\/\/colombiaopina.com.co\/index.php\/wp-json\/wp\/v2\/comments?post=3761"}],"version-history":[{"count":1,"href":"https:\/\/colombiaopina.com.co\/index.php\/wp-json\/wp\/v2\/posts\/3761\/revisions"}],"predecessor-version":[{"id":3764,"href":"https:\/\/colombiaopina.com.co\/index.php\/wp-json\/wp\/v2\/posts\/3761\/revisions\/3764"}],"wp:featuredmedia":[{"embeddable":true,"href":"https:\/\/colombiaopina.com.co\/index.php\/wp-json\/wp\/v2\/media\/3762"}],"wp:attachment":[{"href":"https:\/\/colombiaopina.com.co\/index.php\/wp-json\/wp\/v2\/media?parent=3761"}],"wp:term":[{"taxonomy":"category","embeddable":true,"href":"https:\/\/colombiaopina.com.co\/index.php\/wp-json\/wp\/v2\/categories?post=3761"},{"taxonomy":"post_tag","embeddable":true,"href":"https:\/\/colombiaopina.com.co\/index.php\/wp-json\/wp\/v2\/tags?post=3761"}],"curies":[{"name":"wp","href":"https:\/\/api.w.org\/{rel}","templated":true}]}}