{"id":3414,"date":"2024-04-22T07:16:47","date_gmt":"2024-04-22T12:16:47","guid":{"rendered":"https:\/\/colombiaopina.com.co\/?p=3414"},"modified":"2024-04-22T07:16:49","modified_gmt":"2024-04-22T12:16:49","slug":"afluencia-masiva-en-movilizaciones-nacionales-pide-cambios-al-gobierno-de-petro","status":"publish","type":"post","link":"https:\/\/colombiaopina.com.co\/index.php\/2024\/04\/22\/afluencia-masiva-en-movilizaciones-nacionales-pide-cambios-al-gobierno-de-petro\/","title":{"rendered":"Afluencia masiva en movilizaciones nacionales pide cambios al Gobierno de Petro"},"content":{"rendered":"<p>En una jornada marcada por el descontento y la unidad, miles de colombianos se congregaron en diferentes ciudades del pa\u00eds el pasado domingo 21 de abril para expresar su rechazo hacia la administraci\u00f3n del presidente Gustavo Petro. Con un inicio temprano en la ma\u00f1ana, los manifestantes llenaron las principales plazas y avenidas, destacando la Plaza de Bol\u00edvar en Bogot\u00e1, donde se estim\u00f3 la presencia de aproximadamente 200,000 ciudadanos. Esta cifra simboliza un creciente descontento que parece resonar en el coraz\u00f3n del pa\u00eds, evidenciando una cr\u00edtica palpable hacia las pol\u00edticas gubernamentales actuales.<br><\/p><p>El despliegue de la protesta no fue menor en Medell\u00edn, donde las autoridades locales contabilizaron cerca de 400,000 personas marchando pac\u00edficamente. Las manifestaciones, que tambi\u00e9n se sintieron con fuerza en ciudades como Cali y Barranquilla, transcurrieron sin incidentes mayores, lo que refleja una organizaci\u00f3n y madurez pol\u00edtica por parte de los convocantes y participantes. Este evento ha sido descrito por muchos como un llamado a la reflexi\u00f3n para el gobierno, subrayando la importancia de escuchar y actuar conforme a las exigencias populares.<br><\/p><figure class=\"wp-block-image size-full\"><img loading=\"lazy\" decoding=\"async\" width=\"1024\" height=\"576\" src=\"https:\/\/colombiaopina.com.co\/wp-content\/uploads\/2024\/04\/MARCHA1.jpeg\" alt=\"\" class=\"wp-image-3416\" srcset=\"https:\/\/colombiaopina.com.co\/wp-content\/uploads\/2024\/04\/MARCHA1.jpeg 1024w, https:\/\/colombiaopina.com.co\/wp-content\/uploads\/2024\/04\/MARCHA1-300x169.jpeg 300w, https:\/\/colombiaopina.com.co\/wp-content\/uploads\/2024\/04\/MARCHA1-768x432.jpeg 768w, https:\/\/colombiaopina.com.co\/wp-content\/uploads\/2024\/04\/MARCHA1-150x84.jpeg 150w, https:\/\/colombiaopina.com.co\/wp-content\/uploads\/2024\/04\/MARCHA1-696x392.jpeg 696w, https:\/\/colombiaopina.com.co\/wp-content\/uploads\/2024\/04\/MARCHA1-600x338.jpeg 600w\" sizes=\"(max-width: 1024px) 100vw, 1024px\" \/><\/figure><p>Las marchas, inicialmente convocadas por sectores como el m\u00e9dico y acad\u00e9mico en oposici\u00f3n a las reformas propuestas al sistema de salud, r\u00e1pidamente se transformaron en un c\u00famulo de voces de diversos sectores, incluyendo partidos pol\u00edticos y asociaciones civiles. Estas manifestaciones no solo rechazan pol\u00edticas espec\u00edficas, sino que tambi\u00e9n apelan a una revisi\u00f3n m\u00e1s amplia de la direcci\u00f3n en la que se est\u00e1 llevando el pa\u00eds, haciendo un llamado a la protecci\u00f3n de la democracia y el respeto por la Constituci\u00f3n del 91.<br><\/p><p>La respuesta del gobierno no se hizo esperar. Altos funcionarios, incluyendo a la directora del Departamento Administrativo de la Presidencia, han prometido una semana de reflexi\u00f3n y di\u00e1logo para considerar los mensajes recibidos a trav\u00e9s de estas marchas. Mientras tanto, las calles de Colombia siguen resonando con el eco de los ciudadanos que, m\u00e1s all\u00e1 de sus diferencias, comparten un com\u00fan denominador: el anhelo por un pa\u00eds que cumpla con sus expectativas de justicia, equidad y respeto a la voz del pueblo.<\/p>","protected":false},"excerpt":{"rendered":"<p>En una jornada marcada por el descontento y la unidad, miles de colombianos se congregaron en diferentes ciudades del pa\u00eds el pasado domingo 21 de abril para expresar su rechazo hacia la administraci\u00f3n del presidente Gustavo Petro. Con un inicio temprano en la ma\u00f1ana, los manifestantes llenaron las principales plazas y avenidas, destacando la Plaza [&hellip;]<\/p>\n","protected":false},"author":4,"featured_media":3415,"comment_status":"open","ping_status":"open","sticky":false,"template":"","format":"standard","meta":{"tdm_status":"","tdm_grid_status":"","_jetpack_memberships_contains_paid_content":false,"footnotes":""},"categories":[38,39,46,54,57,50,103,86],"tags":[1151,93,227,210,1150,135,388],"class_list":{"0":"post-3414","1":"post","2":"type-post","3":"status-publish","4":"format-standard","5":"has-post-thumbnail","7":"category-antioquia","8":"category-colombia","9":"category-gobierno","10":"category-medellin","11":"category-movilidad","12":"category-opinion","13":"category-petro","14":"category-politica","15":"tag-cambios","16":"tag-colombia","17":"tag-gobierno","18":"tag-marchas","19":"tag-movilizaciones","20":"tag-petro","21":"tag-reformas"},"jetpack_sharing_enabled":true,"jetpack_featured_media_url":"https:\/\/colombiaopina.com.co\/wp-content\/uploads\/2024\/04\/MARCHA.jpeg","amp_enabled":true,"_links":{"self":[{"href":"https:\/\/colombiaopina.com.co\/index.php\/wp-json\/wp\/v2\/posts\/3414"}],"collection":[{"href":"https:\/\/colombiaopina.com.co\/index.php\/wp-json\/wp\/v2\/posts"}],"about":[{"href":"https:\/\/colombiaopina.com.co\/index.php\/wp-json\/wp\/v2\/types\/post"}],"author":[{"embeddable":true,"href":"https:\/\/colombiaopina.com.co\/index.php\/wp-json\/wp\/v2\/users\/4"}],"replies":[{"embeddable":true,"href":"https:\/\/colombiaopina.com.co\/index.php\/wp-json\/wp\/v2\/comments?post=3414"}],"version-history":[{"count":1,"href":"https:\/\/colombiaopina.com.co\/index.php\/wp-json\/wp\/v2\/posts\/3414\/revisions"}],"predecessor-version":[{"id":3417,"href":"https:\/\/colombiaopina.com.co\/index.php\/wp-json\/wp\/v2\/posts\/3414\/revisions\/3417"}],"wp:featuredmedia":[{"embeddable":true,"href":"https:\/\/colombiaopina.com.co\/index.php\/wp-json\/wp\/v2\/media\/3415"}],"wp:attachment":[{"href":"https:\/\/colombiaopina.com.co\/index.php\/wp-json\/wp\/v2\/media?parent=3414"}],"wp:term":[{"taxonomy":"category","embeddable":true,"href":"https:\/\/colombiaopina.com.co\/index.php\/wp-json\/wp\/v2\/categories?post=3414"},{"taxonomy":"post_tag","embeddable":true,"href":"https:\/\/colombiaopina.com.co\/index.php\/wp-json\/wp\/v2\/tags?post=3414"}],"curies":[{"name":"wp","href":"https:\/\/api.w.org\/{rel}","templated":true}]}}