{"id":3379,"date":"2024-04-19T09:00:37","date_gmt":"2024-04-19T14:00:37","guid":{"rendered":"https:\/\/colombiaopina.com.co\/?p=3379"},"modified":"2024-04-19T09:00:40","modified_gmt":"2024-04-19T14:00:40","slug":"universidad-del-rosario-destituye-a-su-rector-alejandro-cheyne-tras-fuerte-presion-comunitaria","status":"publish","type":"post","link":"https:\/\/colombiaopina.com.co\/index.php\/2024\/04\/19\/universidad-del-rosario-destituye-a-su-rector-alejandro-cheyne-tras-fuerte-presion-comunitaria\/","title":{"rendered":"Universidad del Rosario destituye a su rector Alejandro Cheyne tras fuerte presi\u00f3n comunitaria"},"content":{"rendered":"<p>En un giro decisivo, la Universidad del Rosario ha anunciado la destituci\u00f3n de Alejandro Cheyne como rector de la instituci\u00f3n, una medida efectiva a partir de hoy, tomada por la Consiliatura en respuesta a las intensas presiones de estudiantes, profesores, egresados y exrectores. La creciente preocupaci\u00f3n por la gesti\u00f3n del rector ha culminado en su salida forzada, marcando un momento cr\u00edtico en la historia de una de las universidades m\u00e1s prestigiosas de Colombia.<br><\/p><p>La crisis se desat\u00f3 tras acusaciones de manejo financiero irresponsable, incluyendo un endeudamiento excesivo y el uso inadecuado de los recursos de la universidad, que provocaron una amplia movilizaci\u00f3n dentro de la comunidad universitaria. Estudiantes y profesores se han manifestado en repetidas ocasiones, destacando problemas como la interrupci\u00f3n de proyectos clave como la Torre 3 y los laboratorios de Mutis, y una general falta de transparencia en las decisiones administrativas.<br><\/p><p>La situaci\u00f3n alcanz\u00f3 un punto de inflexi\u00f3n el pasado viernes 12 de abril, cuando se llev\u00f3 a cabo una asamblea estudiantil que expres\u00f3 de forma contundente la p\u00e9rdida de confianza en la capacidad de Cheyne para liderar. Esta asamblea fue solo una parte de un conjunto de acciones que incluyeron la publicaci\u00f3n de varios comunicados por parte del cuerpo docente, particularmente de las facultades de Jurisprudencia y Ciencias Humanas, quienes demandaban la renuncia inmediata del rector.<br><\/p><figure class=\"wp-block-image size-full\"><img loading=\"lazy\" decoding=\"async\" width=\"920\" height=\"613\" src=\"https:\/\/colombiaopina.com.co\/wp-content\/uploads\/2024\/04\/ROSARIO.jpeg\" alt=\"\" class=\"wp-image-3381\" srcset=\"https:\/\/colombiaopina.com.co\/wp-content\/uploads\/2024\/04\/ROSARIO.jpeg 920w, https:\/\/colombiaopina.com.co\/wp-content\/uploads\/2024\/04\/ROSARIO-300x200.jpeg 300w, https:\/\/colombiaopina.com.co\/wp-content\/uploads\/2024\/04\/ROSARIO-768x512.jpeg 768w, https:\/\/colombiaopina.com.co\/wp-content\/uploads\/2024\/04\/ROSARIO-150x100.jpeg 150w, https:\/\/colombiaopina.com.co\/wp-content\/uploads\/2024\/04\/ROSARIO-696x464.jpeg 696w, https:\/\/colombiaopina.com.co\/wp-content\/uploads\/2024\/04\/ROSARIO-600x400.jpeg 600w\" sizes=\"(max-width: 920px) 100vw, 920px\" \/><\/figure><p>El an\u00e1lisis financiero realizado por 16 profesores de la facultad de Econom\u00eda revel\u00f3 una realidad alarmante: la universidad enfrenta una grave falta de liquidez, con un alto nivel de endeudamiento y compromisos financieros que superan su capacidad de pago. Esta situaci\u00f3n precaria ha llevado a medidas extremas como despidos y recortes en servicios esenciales, lo que solo ha agravado el descontento general.<br><\/p><p>En respuesta a esta creciente presi\u00f3n, y tras reuniones con exrectores y otros miembros influyentes de la comunidad universitaria, la Consiliatura tom\u00f3 la decisi\u00f3n de desvincular a Cheyne, apuntando a un nuevo proceso de elecci\u00f3n para restaurar la estabilidad y la confianza en la gobernabilidad de la instituci\u00f3n. Gustavo Adolfo Quintero, actual vicerrector, asumir\u00e1 el cargo de rector interino con la tarea de guiar a la universidad en este periodo de transici\u00f3n cr\u00edtica.<\/p>","protected":false},"excerpt":{"rendered":"<p>En un giro decisivo, la Universidad del Rosario ha anunciado la destituci\u00f3n de Alejandro Cheyne como rector de la instituci\u00f3n, una medida efectiva a partir de hoy, tomada por la Consiliatura en respuesta a las intensas presiones de estudiantes, profesores, egresados y exrectores. La creciente preocupaci\u00f3n por la gesti\u00f3n del rector ha culminado en su [&hellip;]<\/p>\n","protected":false},"author":4,"featured_media":3380,"comment_status":"open","ping_status":"open","sticky":false,"template":"","format":"standard","meta":{"tdm_status":"","tdm_grid_status":"","_jetpack_memberships_contains_paid_content":false,"footnotes":""},"categories":[39,42],"tags":[93,56,898,1135],"class_list":{"0":"post-3379","1":"post","2":"type-post","3":"status-publish","4":"format-standard","5":"has-post-thumbnail","7":"category-colombia","8":"category-educacion","9":"tag-colombia","10":"tag-educacion","11":"tag-rector","12":"tag-universidad-del-rosario"},"jetpack_sharing_enabled":true,"jetpack_featured_media_url":"https:\/\/colombiaopina.com.co\/wp-content\/uploads\/2024\/04\/ROSARIO1.jpeg","amp_enabled":true,"_links":{"self":[{"href":"https:\/\/colombiaopina.com.co\/index.php\/wp-json\/wp\/v2\/posts\/3379"}],"collection":[{"href":"https:\/\/colombiaopina.com.co\/index.php\/wp-json\/wp\/v2\/posts"}],"about":[{"href":"https:\/\/colombiaopina.com.co\/index.php\/wp-json\/wp\/v2\/types\/post"}],"author":[{"embeddable":true,"href":"https:\/\/colombiaopina.com.co\/index.php\/wp-json\/wp\/v2\/users\/4"}],"replies":[{"embeddable":true,"href":"https:\/\/colombiaopina.com.co\/index.php\/wp-json\/wp\/v2\/comments?post=3379"}],"version-history":[{"count":1,"href":"https:\/\/colombiaopina.com.co\/index.php\/wp-json\/wp\/v2\/posts\/3379\/revisions"}],"predecessor-version":[{"id":3382,"href":"https:\/\/colombiaopina.com.co\/index.php\/wp-json\/wp\/v2\/posts\/3379\/revisions\/3382"}],"wp:featuredmedia":[{"embeddable":true,"href":"https:\/\/colombiaopina.com.co\/index.php\/wp-json\/wp\/v2\/media\/3380"}],"wp:attachment":[{"href":"https:\/\/colombiaopina.com.co\/index.php\/wp-json\/wp\/v2\/media?parent=3379"}],"wp:term":[{"taxonomy":"category","embeddable":true,"href":"https:\/\/colombiaopina.com.co\/index.php\/wp-json\/wp\/v2\/categories?post=3379"},{"taxonomy":"post_tag","embeddable":true,"href":"https:\/\/colombiaopina.com.co\/index.php\/wp-json\/wp\/v2\/tags?post=3379"}],"curies":[{"name":"wp","href":"https:\/\/api.w.org\/{rel}","templated":true}]}}