{"id":3354,"date":"2024-04-19T08:12:12","date_gmt":"2024-04-19T13:12:12","guid":{"rendered":"https:\/\/colombiaopina.com.co\/?p=3354"},"modified":"2024-04-19T08:12:14","modified_gmt":"2024-04-19T13:12:14","slug":"medellin-revitaliza-su-escena-literaria-con-andres-sarmiento-al-frente-de-los-eventos-del-libro","status":"publish","type":"post","link":"https:\/\/colombiaopina.com.co\/index.php\/2024\/04\/19\/medellin-revitaliza-su-escena-literaria-con-andres-sarmiento-al-frente-de-los-eventos-del-libro\/","title":{"rendered":"Medell\u00edn revitaliza su escena literaria con Andr\u00e9s Sarmiento al frente de los Eventos del Libro"},"content":{"rendered":"<p>Medell\u00edn se prepara para vivir un a\u00f1o lleno de literatura y cultura con la presentaci\u00f3n oficial de Andr\u00e9s Sarmiento Villamizar como el nuevo director de los Eventos del Libro de la ciudad. Sarmiento, con una destacada trayectoria como director de las ferias del libro de Cali y Bogot\u00e1, ahora liderar\u00e1 la agenda cultural de Medell\u00edn, prometiendo innovar y expandir las actividades literarias en la ciudad.<br><\/p><p>Bajo el lema \u00abUn latido com\u00fan\u00bb, los eventos de este a\u00f1o buscan fomentar la unidad y la reflexi\u00f3n sobre temas sociales cr\u00edticos, como la recuperaci\u00f3n de la confianza y el cuidado de recursos compartidos. La programaci\u00f3n para 2024 incluye una serie de encuentros que prometen ser puntos de encuentro para amantes de los libros y la cultura en general. La primera cita ser\u00e1 los D\u00edas del Libro, del 24 al 26 de mayo en el barrio Carlos E. Restrepo, donde se espera la participaci\u00f3n de 54 expositores entre librer\u00edas, editoriales y universidades.<br><\/p><p>En julio, la atenci\u00f3n se centrar\u00e1 en la juventud con la 16\u00aa edici\u00f3n de la Parada Juvenil de la Lectura, un evento itinerante que recorrer\u00e1 varios puntos de la ciudad para acercar la literatura a los j\u00f3venes, con un enfoque especial en c\u00f3mics y publicaciones ilustradas. Este evento contar\u00e1 con 23 invitados especiales, quienes compartir\u00e1n sus obras y experiencias.<br><\/p><figure class=\"wp-block-image size-full\"><img loading=\"lazy\" decoding=\"async\" width=\"600\" height=\"454\" src=\"https:\/\/colombiaopina.com.co\/wp-content\/uploads\/2024\/04\/SEC-CULTURA.jpeg\" alt=\"\" class=\"wp-image-3356\" srcset=\"https:\/\/colombiaopina.com.co\/wp-content\/uploads\/2024\/04\/SEC-CULTURA.jpeg 600w, https:\/\/colombiaopina.com.co\/wp-content\/uploads\/2024\/04\/SEC-CULTURA-300x227.jpeg 300w, https:\/\/colombiaopina.com.co\/wp-content\/uploads\/2024\/04\/SEC-CULTURA-150x114.jpeg 150w\" sizes=\"(max-width: 600px) 100vw, 600px\" \/><\/figure><p>Para culminar, la 18\u00aa edici\u00f3n de la Fiesta del Libro se llevar\u00e1 a cabo del 6 al 15 de septiembre, destacando a autores y escritores independientes que tendr\u00e1n la oportunidad de presentar sus trabajos y conectar con nuevos p\u00fablicos. La Alcald\u00eda de Medell\u00edn y la Secretar\u00eda de Cultura Ciudadana est\u00e1n comprometidas con hacer de estos eventos una plataforma para el di\u00e1logo cultural y la promoci\u00f3n de la lectura en la comunidad.<br><\/p><p>Con estas iniciativas, Medell\u00edn no solo refuerza su identidad como capital cultural de Colombia, sino que tambi\u00e9n ofrece espacios para que la comunidad explore y celebre la diversidad y riqueza de la literatura mundial. Andr\u00e9s Sarmiento Villamizar y su equipo prometen hacer de 2024 un a\u00f1o memorable para los amantes de los libros en Medell\u00edn.<\/p>","protected":false},"excerpt":{"rendered":"<p>Medell\u00edn se prepara para vivir un a\u00f1o lleno de literatura y cultura con la presentaci\u00f3n oficial de Andr\u00e9s Sarmiento Villamizar como el nuevo director de los Eventos del Libro de la ciudad. Sarmiento, con una destacada trayectoria como director de las ferias del libro de Cali y Bogot\u00e1, ahora liderar\u00e1 la agenda cultural de Medell\u00edn, [&hellip;]<\/p>\n","protected":false},"author":4,"featured_media":3355,"comment_status":"open","ping_status":"open","sticky":false,"template":"","format":"standard","meta":{"tdm_status":"","tdm_grid_status":"","_jetpack_memberships_contains_paid_content":false,"footnotes":""},"categories":[38,43,42,147,54,50],"tags":[282,93,232,1131,227,62],"class_list":{"0":"post-3354","1":"post","2":"type-post","3":"status-publish","4":"format-standard","5":"has-post-thumbnail","7":"category-antioquia","8":"category-cultura","9":"category-educacion","10":"category-fico","11":"category-medellin","12":"category-opinion","13":"tag-antioquia","14":"tag-colombia","15":"tag-cultura","16":"tag-eventos-del-libro","17":"tag-gobierno","18":"tag-medellin"},"jetpack_sharing_enabled":true,"jetpack_featured_media_url":"https:\/\/colombiaopina.com.co\/wp-content\/uploads\/2024\/04\/SEC-CULTURA1.jpeg","amp_enabled":true,"_links":{"self":[{"href":"https:\/\/colombiaopina.com.co\/index.php\/wp-json\/wp\/v2\/posts\/3354"}],"collection":[{"href":"https:\/\/colombiaopina.com.co\/index.php\/wp-json\/wp\/v2\/posts"}],"about":[{"href":"https:\/\/colombiaopina.com.co\/index.php\/wp-json\/wp\/v2\/types\/post"}],"author":[{"embeddable":true,"href":"https:\/\/colombiaopina.com.co\/index.php\/wp-json\/wp\/v2\/users\/4"}],"replies":[{"embeddable":true,"href":"https:\/\/colombiaopina.com.co\/index.php\/wp-json\/wp\/v2\/comments?post=3354"}],"version-history":[{"count":1,"href":"https:\/\/colombiaopina.com.co\/index.php\/wp-json\/wp\/v2\/posts\/3354\/revisions"}],"predecessor-version":[{"id":3357,"href":"https:\/\/colombiaopina.com.co\/index.php\/wp-json\/wp\/v2\/posts\/3354\/revisions\/3357"}],"wp:featuredmedia":[{"embeddable":true,"href":"https:\/\/colombiaopina.com.co\/index.php\/wp-json\/wp\/v2\/media\/3355"}],"wp:attachment":[{"href":"https:\/\/colombiaopina.com.co\/index.php\/wp-json\/wp\/v2\/media?parent=3354"}],"wp:term":[{"taxonomy":"category","embeddable":true,"href":"https:\/\/colombiaopina.com.co\/index.php\/wp-json\/wp\/v2\/categories?post=3354"},{"taxonomy":"post_tag","embeddable":true,"href":"https:\/\/colombiaopina.com.co\/index.php\/wp-json\/wp\/v2\/tags?post=3354"}],"curies":[{"name":"wp","href":"https:\/\/api.w.org\/{rel}","templated":true}]}}