{"id":3308,"date":"2024-04-18T17:21:36","date_gmt":"2024-04-18T22:21:36","guid":{"rendered":"https:\/\/colombiaopina.com.co\/?p=3308"},"modified":"2024-08-05T13:41:18","modified_gmt":"2024-08-05T18:41:18","slug":"procuraduria-extiende-investigacion-sobre-daniel-quintero-por-presunta-intervencion-en-politica","status":"publish","type":"post","link":"https:\/\/colombiaopina.com.co\/index.php\/2024\/04\/18\/procuraduria-extiende-investigacion-sobre-daniel-quintero-por-presunta-intervencion-en-politica\/","title":{"rendered":"Procuradur\u00eda extiende investigaci\u00f3n sobre Daniel Quintero por presunta intervenci\u00f3n en pol\u00edtica"},"content":{"rendered":"<p>La Procuradur\u00eda General de la Naci\u00f3n ha decidido posponer su fallo sobre la situaci\u00f3n legal del exalcalde de Medell\u00edn, Daniel Quintero, quien es investigado por supuesta participaci\u00f3n indebida en pol\u00edtica durante las elecciones presidenciales en las que result\u00f3 electo Gustavo Petro. La audiencia, que dur\u00f3 menos de treinta minutos, concluy\u00f3 con el anuncio de que se extender\u00e1 el t\u00e9rmino probatorio para evaluar nuevas evidencias y reiterar la solicitud de pruebas anteriormente pedidas.<\/p><p>Este aplazamiento se produce en un contexto donde Quintero enfrenta acusaciones de haber utilizado su posici\u00f3n para influir en el proceso electoral. La Procuradur\u00eda est\u00e1 analizando espec\u00edficamente tres publicaciones en redes sociales que podr\u00edan constituir una violaci\u00f3n de las normas que restringen la participaci\u00f3n pol\u00edtica de los funcionarios p\u00fablicos. Estas incluyen un tweet donde Quintero mostraba su apoyo al Pacto Hist\u00f3rico durante las elecciones legislativas, otro pidiendo un recuento de votos, y un video que podr\u00eda interpretarse como un endoso indirecto a la campa\u00f1a presidencial.<\/p><figure class=\"wp-block-image size-full\"><img loading=\"lazy\" decoding=\"async\" width=\"580\" height=\"365\" src=\"https:\/\/colombiaopina.com.co\/wp-content\/uploads\/2024\/04\/QUINTERO1-1.jpeg\" alt=\"\" class=\"wp-image-3310\" srcset=\"https:\/\/colombiaopina.com.co\/wp-content\/uploads\/2024\/04\/QUINTERO1-1.jpeg 580w, https:\/\/colombiaopina.com.co\/wp-content\/uploads\/2024\/04\/QUINTERO1-1-300x189.jpeg 300w, https:\/\/colombiaopina.com.co\/wp-content\/uploads\/2024\/04\/QUINTERO1-1-150x94.jpeg 150w\" sizes=\"(max-width: 580px) 100vw, 580px\" \/><\/figure><p>La defensa del exalcalde ha argumentado que las acciones de Quintero no constituyen una participaci\u00f3n pol\u00edtica directa, ya que no mencionaban expl\u00edcitamente a ning\u00fan candidato ni campa\u00f1a. Sin embargo, la Procuradur\u00eda sigue investigando si estas publicaciones pudieron haber influenciado el comportamiento electoral de manera inapropiada.<\/p><p>La pr\u00f3xima audiencia est\u00e1 programada para el mi\u00e9rcoles 24 de abril, donde se espera que se presenten las conclusiones del peritaje y se puedan verificar las respuestas a las pruebas solicitadas. Este caso contin\u00faa siendo un punto focal en el debate sobre los l\u00edmites de la actividad pol\u00edtica de los funcionarios p\u00fablicos en Colombia.<\/p>","protected":false},"excerpt":{"rendered":"<p>La Procuradur\u00eda General de la Naci\u00f3n ha decidido posponer su fallo sobre la situaci\u00f3n legal del exalcalde de Medell\u00edn, Daniel Quintero, quien es investigado por supuesta participaci\u00f3n indebida en pol\u00edtica durante las elecciones presidenciales en las que result\u00f3 electo Gustavo Petro. La audiencia, que dur\u00f3 menos de treinta minutos, concluy\u00f3 con el anuncio de que [&hellip;]<\/p>\n","protected":false},"author":4,"featured_media":3309,"comment_status":"open","ping_status":"open","sticky":false,"template":"","format":"standard","meta":{"tdm_status":"","tdm_grid_status":"","_jetpack_memberships_contains_paid_content":false,"footnotes":""},"categories":[38,39,54,86],"tags":[282,93,736,227,62,248],"class_list":{"0":"post-3308","1":"post","2":"type-post","3":"status-publish","4":"format-standard","5":"has-post-thumbnail","7":"category-antioquia","8":"category-colombia","9":"category-medellin","10":"category-politica","11":"tag-antioquia","12":"tag-colombia","13":"tag-daniel-quintero","14":"tag-gobierno","15":"tag-medellin","16":"tag-procuraduria"},"jetpack_sharing_enabled":true,"jetpack_featured_media_url":"https:\/\/colombiaopina.com.co\/wp-content\/uploads\/2024\/04\/QUINTERO-2.jpeg","amp_enabled":true,"_links":{"self":[{"href":"https:\/\/colombiaopina.com.co\/index.php\/wp-json\/wp\/v2\/posts\/3308"}],"collection":[{"href":"https:\/\/colombiaopina.com.co\/index.php\/wp-json\/wp\/v2\/posts"}],"about":[{"href":"https:\/\/colombiaopina.com.co\/index.php\/wp-json\/wp\/v2\/types\/post"}],"author":[{"embeddable":true,"href":"https:\/\/colombiaopina.com.co\/index.php\/wp-json\/wp\/v2\/users\/4"}],"replies":[{"embeddable":true,"href":"https:\/\/colombiaopina.com.co\/index.php\/wp-json\/wp\/v2\/comments?post=3308"}],"version-history":[{"count":1,"href":"https:\/\/colombiaopina.com.co\/index.php\/wp-json\/wp\/v2\/posts\/3308\/revisions"}],"predecessor-version":[{"id":3311,"href":"https:\/\/colombiaopina.com.co\/index.php\/wp-json\/wp\/v2\/posts\/3308\/revisions\/3311"}],"wp:featuredmedia":[{"embeddable":true,"href":"https:\/\/colombiaopina.com.co\/index.php\/wp-json\/wp\/v2\/media\/3309"}],"wp:attachment":[{"href":"https:\/\/colombiaopina.com.co\/index.php\/wp-json\/wp\/v2\/media?parent=3308"}],"wp:term":[{"taxonomy":"category","embeddable":true,"href":"https:\/\/colombiaopina.com.co\/index.php\/wp-json\/wp\/v2\/categories?post=3308"},{"taxonomy":"post_tag","embeddable":true,"href":"https:\/\/colombiaopina.com.co\/index.php\/wp-json\/wp\/v2\/tags?post=3308"}],"curies":[{"name":"wp","href":"https:\/\/api.w.org\/{rel}","templated":true}]}}