{"id":3254,"date":"2024-04-17T12:33:18","date_gmt":"2024-04-17T17:33:18","guid":{"rendered":"https:\/\/colombiaopina.com.co\/?p=3254"},"modified":"2024-04-17T12:33:20","modified_gmt":"2024-04-17T17:33:20","slug":"german-el-mono-burgos-rompe-el-silencio-tras-despido-por-comentario-sobre-lamine-yamal","status":"publish","type":"post","link":"https:\/\/colombiaopina.com.co\/index.php\/2024\/04\/17\/german-el-mono-burgos-rompe-el-silencio-tras-despido-por-comentario-sobre-lamine-yamal\/","title":{"rendered":"Germ\u00e1n &#8216;El Mono&#8217; Burgos rompe el silencio tras despido por comentario sobre Lamine Yamal"},"content":{"rendered":"<p>Germ\u00e1n &#8216;El Mono&#8217; Burgos, excolaborador de Movistar Plus+, ha roto su silencio tras ser despedido por un comentario realizado durante la transmisi\u00f3n de un partido de Champions entre el PSG y el FC Barcelona. Burgos hizo un comentario desafortunado sobre Lamine Yamal, joven promesa del Bar\u00e7a, que fue r\u00e1pidamente tachado de racista en las redes sociales.<br><\/p><p>En una reciente entrevista con Radio MARCA, Burgos explic\u00f3 que su intenci\u00f3n no era denigrar al jugador y que su apodo, &#8216;Mono&#8217;, deber\u00eda poner en contexto sus palabras. \u201cSi hay alg\u00fan director de comunicaci\u00f3n o alguna facultad que quiera ver este tema\u2026 solo le digo que a m\u00ed me llaman \u2018Mono\u2019. Mi apodo rompe todo lo dicho y manifestado\u201d, coment\u00f3.<br><\/p><figure class=\"wp-block-image size-large\"><img loading=\"lazy\" decoding=\"async\" width=\"1024\" height=\"576\" src=\"https:\/\/colombiaopina.com.co\/wp-content\/uploads\/2024\/04\/LAMINE-1024x576.jpeg\" alt=\"\" class=\"wp-image-3256\" srcset=\"https:\/\/colombiaopina.com.co\/wp-content\/uploads\/2024\/04\/LAMINE-1024x576.jpeg 1024w, https:\/\/colombiaopina.com.co\/wp-content\/uploads\/2024\/04\/LAMINE-300x169.jpeg 300w, https:\/\/colombiaopina.com.co\/wp-content\/uploads\/2024\/04\/LAMINE-768x432.jpeg 768w, https:\/\/colombiaopina.com.co\/wp-content\/uploads\/2024\/04\/LAMINE-150x84.jpeg 150w, https:\/\/colombiaopina.com.co\/wp-content\/uploads\/2024\/04\/LAMINE-696x392.jpeg 696w, https:\/\/colombiaopina.com.co\/wp-content\/uploads\/2024\/04\/LAMINE-1068x601.jpeg 1068w, https:\/\/colombiaopina.com.co\/wp-content\/uploads\/2024\/04\/LAMINE-600x338.jpeg 600w, https:\/\/colombiaopina.com.co\/wp-content\/uploads\/2024\/04\/LAMINE.jpeg 1200w\" sizes=\"(max-width: 1024px) 100vw, 1024px\" \/><\/figure><p>El exayudante de Diego Simeone tambi\u00e9n revel\u00f3 que hab\u00eda contactado a Joan Laporta, presidente del Barcelona, para asegurar que su comentario estaba destinado a ser un halago hacia las habilidades de Yamal. \u201cLe mand\u00e9 un mensaje para que Yamal supiera que lo \u00fanico que quer\u00eda era mandarle un halago. La gente no ha escuchado el audio completo. Como sigue el audio es un tono afectivo. Es m\u00e1s, yo rompo con el humor\u201d, a\u00f1adi\u00f3 Burgos.<br><\/p><p>A pesar de las disculpas y explicaciones, la cadena televisiva decidi\u00f3 terminar su colaboraci\u00f3n con Burgos. Este incidente ha provocado un amplio debate sobre la l\u00ednea entre el comentario deportivo y las expresiones que pueden ser interpretadas como ofensivas o inapropiadas.<\/p>","protected":false},"excerpt":{"rendered":"<p>Germ\u00e1n &#8216;El Mono&#8217; Burgos, excolaborador de Movistar Plus+, ha roto su silencio tras ser despedido por un comentario realizado durante la transmisi\u00f3n de un partido de Champions entre el PSG y el FC Barcelona. Burgos hizo un comentario desafortunado sobre Lamine Yamal, joven promesa del Bar\u00e7a, que fue r\u00e1pidamente tachado de racista en las redes [&hellip;]<\/p>\n","protected":false},"author":4,"featured_media":3255,"comment_status":"open","ping_status":"open","sticky":false,"template":"","format":"standard","meta":{"tdm_status":"","tdm_grid_status":"","_jetpack_memberships_contains_paid_content":false,"footnotes":""},"categories":[47,48,53],"tags":[786,74,308,1097],"class_list":{"0":"post-3254","1":"post","2":"type-post","3":"status-publish","4":"format-standard","5":"has-post-thumbnail","7":"category-deportes","8":"category-futbol","9":"category-internacional","10":"tag-barcelona","11":"tag-deportes","12":"tag-futbol-2","13":"tag-lamine-yamal"},"jetpack_sharing_enabled":true,"jetpack_featured_media_url":"https:\/\/colombiaopina.com.co\/wp-content\/uploads\/2024\/04\/LAMINE1.jpeg","amp_enabled":true,"_links":{"self":[{"href":"https:\/\/colombiaopina.com.co\/index.php\/wp-json\/wp\/v2\/posts\/3254"}],"collection":[{"href":"https:\/\/colombiaopina.com.co\/index.php\/wp-json\/wp\/v2\/posts"}],"about":[{"href":"https:\/\/colombiaopina.com.co\/index.php\/wp-json\/wp\/v2\/types\/post"}],"author":[{"embeddable":true,"href":"https:\/\/colombiaopina.com.co\/index.php\/wp-json\/wp\/v2\/users\/4"}],"replies":[{"embeddable":true,"href":"https:\/\/colombiaopina.com.co\/index.php\/wp-json\/wp\/v2\/comments?post=3254"}],"version-history":[{"count":1,"href":"https:\/\/colombiaopina.com.co\/index.php\/wp-json\/wp\/v2\/posts\/3254\/revisions"}],"predecessor-version":[{"id":3257,"href":"https:\/\/colombiaopina.com.co\/index.php\/wp-json\/wp\/v2\/posts\/3254\/revisions\/3257"}],"wp:featuredmedia":[{"embeddable":true,"href":"https:\/\/colombiaopina.com.co\/index.php\/wp-json\/wp\/v2\/media\/3255"}],"wp:attachment":[{"href":"https:\/\/colombiaopina.com.co\/index.php\/wp-json\/wp\/v2\/media?parent=3254"}],"wp:term":[{"taxonomy":"category","embeddable":true,"href":"https:\/\/colombiaopina.com.co\/index.php\/wp-json\/wp\/v2\/categories?post=3254"},{"taxonomy":"post_tag","embeddable":true,"href":"https:\/\/colombiaopina.com.co\/index.php\/wp-json\/wp\/v2\/tags?post=3254"}],"curies":[{"name":"wp","href":"https:\/\/api.w.org\/{rel}","templated":true}]}}