{"id":3205,"date":"2024-04-16T13:07:23","date_gmt":"2024-04-16T18:07:23","guid":{"rendered":"https:\/\/colombiaopina.com.co\/?p=3205"},"modified":"2024-04-16T13:07:25","modified_gmt":"2024-04-16T18:07:25","slug":"racionamiento-de-energia-en-colombia-sigue-siendo-una-posibilidad-ante-la-crisis-hidrica","status":"publish","type":"post","link":"https:\/\/colombiaopina.com.co\/index.php\/2024\/04\/16\/racionamiento-de-energia-en-colombia-sigue-siendo-una-posibilidad-ante-la-crisis-hidrica\/","title":{"rendered":"Racionamiento de energ\u00eda en Colombia sigue siendo una posibilidad ante la crisis h\u00eddrica"},"content":{"rendered":"<p>Colombia enfrenta una situaci\u00f3n cr\u00edtica en su capacidad para generar energ\u00eda hidroel\u00e9ctrica debido a los bajos niveles de agua en sus embalses, exacerbados por el fen\u00f3meno de El Ni\u00f1o. \u00d3mar Pr\u00edas, director de la Comisi\u00f3n de Regulaci\u00f3n de Energ\u00eda y Gas (Creg), no descart\u00f3 la posibilidad de un racionamiento de energ\u00eda en el pa\u00eds, dependiendo de c\u00f3mo evolucionen las condiciones clim\u00e1ticas en las pr\u00f3ximas semanas.<\/p><p>En una reuni\u00f3n reciente de la Comisi\u00f3n de Coordinaci\u00f3n y Seguimiento de la Situaci\u00f3n Energ\u00e9tica, se discutieron medidas para enfrentar esta emergencia. Aunque el racionamiento no se ha definido a\u00fan como una acci\u00f3n inminente, es una opci\u00f3n contemplada si la situaci\u00f3n no mejora. Los embalses para generar energ\u00eda est\u00e1n en niveles alarmantemente bajos, actualmente por debajo del 30%.<\/p><figure class=\"wp-block-image size-full\"><img loading=\"lazy\" decoding=\"async\" width=\"600\" height=\"338\" src=\"https:\/\/colombiaopina.com.co\/wp-content\/uploads\/2024\/04\/ENERGIA.jpeg\" alt=\"\" class=\"wp-image-3207\" srcset=\"https:\/\/colombiaopina.com.co\/wp-content\/uploads\/2024\/04\/ENERGIA.jpeg 600w, https:\/\/colombiaopina.com.co\/wp-content\/uploads\/2024\/04\/ENERGIA-300x169.jpeg 300w, https:\/\/colombiaopina.com.co\/wp-content\/uploads\/2024\/04\/ENERGIA-150x85.jpeg 150w\" sizes=\"(max-width: 600px) 100vw, 600px\" \/><\/figure><p>El gobierno, mediante el Ministro de Minas y Energ\u00eda, Andr\u00e9s Camacho, ha tomado medidas proactivas, como ordenar la m\u00e1xima generaci\u00f3n de las plantas termoel\u00e9ctricas para compensar la deficiencia h\u00eddrica. Sin embargo, las lluvias previstas para marzo y abril no han cumplido con las expectativas, lo que agrava la crisis.<\/p><p>La Creg est\u00e1 avanzando en discusiones cr\u00edticas como las tarifas de energ\u00eda, que son un tema complejo dada la necesidad de ajustar los costos sin imponer una carga excesiva a los consumidores en un momento de vulnerabilidad energ\u00e9tica. El gobierno insiste en la importancia del ahorro de agua y energ\u00eda por parte de todos los sectores de la sociedad para mitigar los efectos de esta crisis y evitar llegar al punto de racionamiento.<\/p>","protected":false},"excerpt":{"rendered":"<p>Colombia enfrenta una situaci\u00f3n cr\u00edtica en su capacidad para generar energ\u00eda hidroel\u00e9ctrica debido a los bajos niveles de agua en sus embalses, exacerbados por el fen\u00f3meno de El Ni\u00f1o. \u00d3mar Pr\u00edas, director de la Comisi\u00f3n de Regulaci\u00f3n de Energ\u00eda y Gas (Creg), no descart\u00f3 la posibilidad de un racionamiento de energ\u00eda en el pa\u00eds, dependiendo [&hellip;]<\/p>\n","protected":false},"author":4,"featured_media":3206,"comment_status":"open","ping_status":"open","sticky":false,"template":"","format":"standard","meta":{"tdm_status":"","tdm_grid_status":"","_jetpack_memberships_contains_paid_content":false,"footnotes":""},"categories":[87,39,45,46,44],"tags":[93,905,1058,587,893,227,135,882],"class_list":{"0":"post-3205","1":"post","2":"type-post","3":"status-publish","4":"format-standard","5":"has-post-thumbnail","7":"category-clima","8":"category-colombia","9":"category-emergencias","10":"category-gobierno","11":"category-medio-ambiente","12":"tag-colombia","13":"tag-crisis-energetica","14":"tag-embalses","15":"tag-energia-2","16":"tag-fenomeno-el-nino","17":"tag-gobierno","18":"tag-petro","19":"tag-sequia"},"jetpack_sharing_enabled":true,"jetpack_featured_media_url":"https:\/\/colombiaopina.com.co\/wp-content\/uploads\/2024\/04\/ENERGIA1.jpeg","amp_enabled":true,"_links":{"self":[{"href":"https:\/\/colombiaopina.com.co\/index.php\/wp-json\/wp\/v2\/posts\/3205"}],"collection":[{"href":"https:\/\/colombiaopina.com.co\/index.php\/wp-json\/wp\/v2\/posts"}],"about":[{"href":"https:\/\/colombiaopina.com.co\/index.php\/wp-json\/wp\/v2\/types\/post"}],"author":[{"embeddable":true,"href":"https:\/\/colombiaopina.com.co\/index.php\/wp-json\/wp\/v2\/users\/4"}],"replies":[{"embeddable":true,"href":"https:\/\/colombiaopina.com.co\/index.php\/wp-json\/wp\/v2\/comments?post=3205"}],"version-history":[{"count":1,"href":"https:\/\/colombiaopina.com.co\/index.php\/wp-json\/wp\/v2\/posts\/3205\/revisions"}],"predecessor-version":[{"id":3208,"href":"https:\/\/colombiaopina.com.co\/index.php\/wp-json\/wp\/v2\/posts\/3205\/revisions\/3208"}],"wp:featuredmedia":[{"embeddable":true,"href":"https:\/\/colombiaopina.com.co\/index.php\/wp-json\/wp\/v2\/media\/3206"}],"wp:attachment":[{"href":"https:\/\/colombiaopina.com.co\/index.php\/wp-json\/wp\/v2\/media?parent=3205"}],"wp:term":[{"taxonomy":"category","embeddable":true,"href":"https:\/\/colombiaopina.com.co\/index.php\/wp-json\/wp\/v2\/categories?post=3205"},{"taxonomy":"post_tag","embeddable":true,"href":"https:\/\/colombiaopina.com.co\/index.php\/wp-json\/wp\/v2\/tags?post=3205"}],"curies":[{"name":"wp","href":"https:\/\/api.w.org\/{rel}","templated":true}]}}