{"id":3169,"date":"2024-04-16T07:21:38","date_gmt":"2024-04-16T12:21:38","guid":{"rendered":"https:\/\/colombiaopina.com.co\/?p=3169"},"modified":"2024-04-16T07:21:40","modified_gmt":"2024-04-16T12:21:40","slug":"medellin-enfrenta-un-inminente-colapso-en-el-relleno-sanitario-la-pradera-consecuencias-y-medidas-urgentes","status":"publish","type":"post","link":"https:\/\/colombiaopina.com.co\/index.php\/2024\/04\/16\/medellin-enfrenta-un-inminente-colapso-en-el-relleno-sanitario-la-pradera-consecuencias-y-medidas-urgentes\/","title":{"rendered":"Medell\u00edn enfrenta un inminente colapso en el relleno sanitario La Pradera: consecuencias y medidas urgentes"},"content":{"rendered":"<p>La ciudad de Medell\u00edn y sus alrededores se encuentran al borde de una crisis ambiental, debido a un desprendimiento de residuos en el relleno sanitario La Pradera. Este incidente, ocurrido en el vaso Altair del relleno, ha puesto en evidencia la sobresaturaci\u00f3n y la inestabilidad del sitio, que se ha agravado por una serie de movimientos en masa reportados recientemente. A pesar de la gravedad del evento, las autoridades aseguran que la capacidad de disposici\u00f3n de residuos no se ha comprometido y que no se prev\u00e9 el cierre del relleno.<\/p><p>En una intervenci\u00f3n para controlar la situaci\u00f3n, la entidad encargada de la gesti\u00f3n del relleno ha anunciado la continuaci\u00f3n de un ambicioso proyecto que incluye la construcci\u00f3n de diez pozos para la extracci\u00f3n forzada de lixiviados, de los cuales cinco ya est\u00e1n operativos. Este esfuerzo se complementa con la finalizaci\u00f3n de las obras en la zona adicional 2 del vaso, con la esperanza de extender la vida \u00fatil del relleno hasta la puesta en marcha de los trabajos en el nuevo vaso La Pi\u00f1uela, cuyas obras preliminares comenzaron el pasado 8 de abril.<\/p><figure class=\"wp-block-image size-full\"><img loading=\"lazy\" decoding=\"async\" width=\"785\" height=\"657\" src=\"https:\/\/colombiaopina.com.co\/wp-content\/uploads\/2024\/04\/EMVARIAS1.jpeg\" alt=\"\" class=\"wp-image-3171\" srcset=\"https:\/\/colombiaopina.com.co\/wp-content\/uploads\/2024\/04\/EMVARIAS1.jpeg 785w, https:\/\/colombiaopina.com.co\/wp-content\/uploads\/2024\/04\/EMVARIAS1-300x251.jpeg 300w, https:\/\/colombiaopina.com.co\/wp-content\/uploads\/2024\/04\/EMVARIAS1-768x643.jpeg 768w, https:\/\/colombiaopina.com.co\/wp-content\/uploads\/2024\/04\/EMVARIAS1-150x126.jpeg 150w, https:\/\/colombiaopina.com.co\/wp-content\/uploads\/2024\/04\/EMVARIAS1-696x583.jpeg 696w, https:\/\/colombiaopina.com.co\/wp-content\/uploads\/2024\/04\/EMVARIAS1-600x502.jpeg 600w\" sizes=\"(max-width: 785px) 100vw, 785px\" \/><\/figure><p>Los problemas en el relleno sanitario no son nuevos. Seg\u00fan expertos consultados, el vaso Altair presenta una condici\u00f3n de mayor inestabilidad en comparaci\u00f3n con meses anteriores, lo cual se debe a una falta de acciones preventivas durante la administraci\u00f3n anterior. Las estructuras de contenci\u00f3n, particularmente en la zona del dique sur, muestran signos de deformaci\u00f3n significativa, lo que ha provocado preocupaci\u00f3n sobre un posible colapso estructural que podr\u00eda afectar no solo la disposici\u00f3n de residuos sino tambi\u00e9n las estructuras circundantes, como el box culvert y el canal de lixiviados.<\/p><p>Ante esta situaci\u00f3n cr\u00edtica, se han intensificado las medidas correctivas. Adem\u00e1s de la construcci\u00f3n y el bombeo de pozos de lixiviados, se est\u00e1n implementando sistemas de drenaje adicionales y medidas de monitoreo como la instalaci\u00f3n de piez\u00f3metros e inclin\u00f3metros para controlar la estabilidad de la masa de residuos. Aunque estas acciones son un paso en la direcci\u00f3n correcta, el relleno sigue enfrentando desaf\u00edos significativos para su estabilizaci\u00f3n. La comunidad local y las autoridades contin\u00faan vigilantes, conscientes de que la soluci\u00f3n definitiva requiere no solo esfuerzos de ingenier\u00eda, sino tambi\u00e9n una planificaci\u00f3n y gesti\u00f3n a largo plazo que aseguren la sostenibilidad ambiental y la salud p\u00fablica en la regi\u00f3n.<\/p>","protected":false},"excerpt":{"rendered":"<p>La ciudad de Medell\u00edn y sus alrededores se encuentran al borde de una crisis ambiental, debido a un desprendimiento de residuos en el relleno sanitario La Pradera. Este incidente, ocurrido en el vaso Altair del relleno, ha puesto en evidencia la sobresaturaci\u00f3n y la inestabilidad del sitio, que se ha agravado por una serie de [&hellip;]<\/p>\n","protected":false},"author":4,"featured_media":3170,"comment_status":"open","ping_status":"open","sticky":false,"template":"","format":"standard","meta":{"tdm_status":"","tdm_grid_status":"","_jetpack_memberships_contains_paid_content":false,"footnotes":""},"categories":[38,39,45,101,147,54,44,60],"tags":[282,452,93,1071,1070,62,1069,182],"class_list":{"0":"post-3169","1":"post","2":"type-post","3":"status-publish","4":"format-standard","5":"has-post-thumbnail","7":"category-antioquia","8":"category-colombia","9":"category-emergencias","10":"category-epm","11":"category-fico","12":"category-medellin","13":"category-medio-ambiente","14":"category-salud","15":"tag-antioquia","16":"tag-basuras","17":"tag-colombia","18":"tag-emvarias","19":"tag-la-pradera","20":"tag-medellin","21":"tag-relleno-sanitario","22":"tag-salud"},"jetpack_sharing_enabled":true,"jetpack_featured_media_url":"https:\/\/colombiaopina.com.co\/wp-content\/uploads\/2024\/04\/EMVARIAS.jpeg","amp_enabled":true,"_links":{"self":[{"href":"https:\/\/colombiaopina.com.co\/index.php\/wp-json\/wp\/v2\/posts\/3169"}],"collection":[{"href":"https:\/\/colombiaopina.com.co\/index.php\/wp-json\/wp\/v2\/posts"}],"about":[{"href":"https:\/\/colombiaopina.com.co\/index.php\/wp-json\/wp\/v2\/types\/post"}],"author":[{"embeddable":true,"href":"https:\/\/colombiaopina.com.co\/index.php\/wp-json\/wp\/v2\/users\/4"}],"replies":[{"embeddable":true,"href":"https:\/\/colombiaopina.com.co\/index.php\/wp-json\/wp\/v2\/comments?post=3169"}],"version-history":[{"count":1,"href":"https:\/\/colombiaopina.com.co\/index.php\/wp-json\/wp\/v2\/posts\/3169\/revisions"}],"predecessor-version":[{"id":3172,"href":"https:\/\/colombiaopina.com.co\/index.php\/wp-json\/wp\/v2\/posts\/3169\/revisions\/3172"}],"wp:featuredmedia":[{"embeddable":true,"href":"https:\/\/colombiaopina.com.co\/index.php\/wp-json\/wp\/v2\/media\/3170"}],"wp:attachment":[{"href":"https:\/\/colombiaopina.com.co\/index.php\/wp-json\/wp\/v2\/media?parent=3169"}],"wp:term":[{"taxonomy":"category","embeddable":true,"href":"https:\/\/colombiaopina.com.co\/index.php\/wp-json\/wp\/v2\/categories?post=3169"},{"taxonomy":"post_tag","embeddable":true,"href":"https:\/\/colombiaopina.com.co\/index.php\/wp-json\/wp\/v2\/tags?post=3169"}],"curies":[{"name":"wp","href":"https:\/\/api.w.org\/{rel}","templated":true}]}}