{"id":3064,"date":"2024-04-12T11:51:59","date_gmt":"2024-04-12T16:51:59","guid":{"rendered":"https:\/\/colombiaopina.com.co\/?p=3064"},"modified":"2024-04-12T12:32:08","modified_gmt":"2024-04-12T17:32:08","slug":"traicion-y-secuestro-amigo-cercano-facilita-captura-del-padre-de-luis-diaz-por-el-eln","status":"publish","type":"post","link":"https:\/\/colombiaopina.com.co\/index.php\/2024\/04\/12\/traicion-y-secuestro-amigo-cercano-facilita-captura-del-padre-de-luis-diaz-por-el-eln\/","title":{"rendered":"Traici\u00f3n y secuestro: amigo cercano facilita captura del padre de Luis D\u00edaz por el ELN"},"content":{"rendered":"<p>En un giro dram\u00e1tico de los acontecimientos, Yerdinson Bol\u00edvar, conocido como \u00abArenca\u00bb y amigo del padre del futbolista Luis D\u00edaz, ha admitido ante un juez su participaci\u00f3n en el secuestro de Luis Manuel \u201cMan\u00e9\u201d D\u00edaz Marulanda y su esposa, facilitando la acci\u00f3n del grupo guerrillero ELN. Este hecho ocurri\u00f3 en La Guajira y ha causado consternaci\u00f3n y repudio a nivel mundial, revelando un acto de traici\u00f3n que sorprendi\u00f3 a la comunidad tanto local como internacional.<\/p><p>El secuestro, que tuvo lugar el pasado 28 de octubre, fue ejecutado con precisi\u00f3n, aprovechando la informaci\u00f3n proporcionada por Bol\u00edvar sobre las rutinas y los movimientos de las v\u00edctimas. Bol\u00edvar, quien trabajaba en la misma escuela de f\u00fatbol que \u201cMan\u00e9\u201d D\u00edaz y ten\u00eda acceso a detalles \u00edntimos de su vida, conspir\u00f3 con un miembro del ELN identificado como Yeiner Villa Herrera, alias \u00abOctavio\u00bb. Juntos planearon y llevaron a cabo el secuestro bajo el pretexto de una invitaci\u00f3n a un puesto de frutas, donde el grupo armado procedi\u00f3 a capturar a D\u00edaz y su esposa.<\/p><figure class=\"wp-block-image size-full\"><img loading=\"lazy\" decoding=\"async\" width=\"700\" height=\"480\" src=\"https:\/\/colombiaopina.com.co\/wp-content\/uploads\/2024\/04\/MANE1.jpeg\" alt=\"\" class=\"wp-image-3065\" srcset=\"https:\/\/colombiaopina.com.co\/wp-content\/uploads\/2024\/04\/MANE1.jpeg 700w, https:\/\/colombiaopina.com.co\/wp-content\/uploads\/2024\/04\/MANE1-300x206.jpeg 300w, https:\/\/colombiaopina.com.co\/wp-content\/uploads\/2024\/04\/MANE1-150x103.jpeg 150w, https:\/\/colombiaopina.com.co\/wp-content\/uploads\/2024\/04\/MANE1-218x150.jpeg 218w, https:\/\/colombiaopina.com.co\/wp-content\/uploads\/2024\/04\/MANE1-696x477.jpeg 696w, https:\/\/colombiaopina.com.co\/wp-content\/uploads\/2024\/04\/MANE1-600x411.jpeg 600w\" sizes=\"(max-width: 700px) 100vw, 700px\" \/><\/figure><p>La operaci\u00f3n de secuestro culmin\u00f3 con la captura de D\u00edaz y su esposa, quienes fueron forzados a subir a su propio veh\u00edculo y llevados a un \u00e1rea remota, aunque Cilenis Marulanda fue liberada horas despu\u00e9s debido a un percance con el veh\u00edculo. Luis Manuel D\u00edaz permaneci\u00f3 en cautiverio durante 12 d\u00edas, hasta que la presi\u00f3n de la comunidad tanto nacional como internacional motiv\u00f3 su liberaci\u00f3n por parte del ELN.<\/p><p>La aceptaci\u00f3n de los cargos por parte de Bol\u00edvar ha permitido que la Fiscal\u00eda avance r\u00e1pidamente en el caso, asegurando que se haga justicia. Mientras Bol\u00edvar enfrenta una posible sentencia reducida por su cooperaci\u00f3n, el caso ha resaltado la vulnerabilidad a la que est\u00e1n expuestas incluso las figuras p\u00fablicas y sus familias en regiones conflictivas de Colombia.<\/p>","protected":false},"excerpt":{"rendered":"<p>En un giro dram\u00e1tico de los acontecimientos, Yerdinson Bol\u00edvar, conocido como \u00abArenca\u00bb y amigo del padre del futbolista Luis D\u00edaz, ha admitido ante un juez su participaci\u00f3n en el secuestro de Luis Manuel \u201cMan\u00e9\u201d D\u00edaz Marulanda y su esposa, facilitando la acci\u00f3n del grupo guerrillero ELN. Este hecho ocurri\u00f3 en La Guajira y ha causado [&hellip;]<\/p>\n","protected":false},"author":4,"featured_media":3083,"comment_status":"open","ping_status":"open","sticky":false,"template":"","format":"standard","meta":{"tdm_status":"","tdm_grid_status":"","_jetpack_memberships_contains_paid_content":false,"footnotes":""},"categories":[39,105,46,41],"tags":[1026,93,326,1025,1024,442],"class_list":{"0":"post-3064","1":"post","2":"type-post","3":"status-publish","4":"format-standard","5":"has-post-thumbnail","7":"category-colombia","8":"category-fiscalia","9":"category-gobierno","10":"category-seguridad","11":"tag-amigos","12":"tag-colombia","13":"tag-eln","14":"tag-lucho-diaz","15":"tag-mane-diaz","16":"tag-secuestro"},"jetpack_sharing_enabled":true,"jetpack_featured_media_url":"https:\/\/colombiaopina.com.co\/wp-content\/uploads\/2024\/04\/pAPA-DE-DIAZ.jpg","amp_enabled":true,"_links":{"self":[{"href":"https:\/\/colombiaopina.com.co\/index.php\/wp-json\/wp\/v2\/posts\/3064"}],"collection":[{"href":"https:\/\/colombiaopina.com.co\/index.php\/wp-json\/wp\/v2\/posts"}],"about":[{"href":"https:\/\/colombiaopina.com.co\/index.php\/wp-json\/wp\/v2\/types\/post"}],"author":[{"embeddable":true,"href":"https:\/\/colombiaopina.com.co\/index.php\/wp-json\/wp\/v2\/users\/4"}],"replies":[{"embeddable":true,"href":"https:\/\/colombiaopina.com.co\/index.php\/wp-json\/wp\/v2\/comments?post=3064"}],"version-history":[{"count":1,"href":"https:\/\/colombiaopina.com.co\/index.php\/wp-json\/wp\/v2\/posts\/3064\/revisions"}],"predecessor-version":[{"id":3067,"href":"https:\/\/colombiaopina.com.co\/index.php\/wp-json\/wp\/v2\/posts\/3064\/revisions\/3067"}],"wp:featuredmedia":[{"embeddable":true,"href":"https:\/\/colombiaopina.com.co\/index.php\/wp-json\/wp\/v2\/media\/3083"}],"wp:attachment":[{"href":"https:\/\/colombiaopina.com.co\/index.php\/wp-json\/wp\/v2\/media?parent=3064"}],"wp:term":[{"taxonomy":"category","embeddable":true,"href":"https:\/\/colombiaopina.com.co\/index.php\/wp-json\/wp\/v2\/categories?post=3064"},{"taxonomy":"post_tag","embeddable":true,"href":"https:\/\/colombiaopina.com.co\/index.php\/wp-json\/wp\/v2\/tags?post=3064"}],"curies":[{"name":"wp","href":"https:\/\/api.w.org\/{rel}","templated":true}]}}