{"id":3057,"date":"2024-04-12T11:40:07","date_gmt":"2024-04-12T16:40:07","guid":{"rendered":"https:\/\/colombiaopina.com.co\/?p=3057"},"modified":"2024-04-12T11:40:09","modified_gmt":"2024-04-12T16:40:09","slug":"regreso-de-un-profugo-jaime-saade-enfrenta-la-justicia-en-colombia-tras-30-anos","status":"publish","type":"post","link":"https:\/\/colombiaopina.com.co\/index.php\/2024\/04\/12\/regreso-de-un-profugo-jaime-saade-enfrenta-la-justicia-en-colombia-tras-30-anos\/","title":{"rendered":"Regreso de un pr\u00f3fugo: Jaime Saade enfrenta la justicia en Colombia tras 30 a\u00f1os"},"content":{"rendered":"<p>La extradici\u00f3n de Jaime Saade a Colombia cierra un largo y doloroso cap\u00edtulo para la familia de Nancy Mestre, v\u00edctima de un brutal crimen que conmocion\u00f3 a la naci\u00f3n hace casi tres d\u00e9cadas. Saade, quien huy\u00f3 a Brasil tras el asesinato de Nancy en Barranquilla el 1 de enero de 1994, ha sido finalmente entregado a las autoridades colombianas para enfrentar las consecuencias de sus actos.<\/p><p>El caso, que se remonta a la noche de A\u00f1o Nuevo de 1993, comenz\u00f3 cuando Saade recogi\u00f3 a Nancy para celebrar, y horas m\u00e1s tarde, ella fue hallada gravemente herida con un disparo en la cabeza. Tras agonizar durante nueve d\u00edas, Nancy falleci\u00f3, dejando tras de s\u00ed un rastro de dolor y preguntas sin responder. La investigaci\u00f3n revel\u00f3 que hab\u00eda sido abusada sexualmente y asesinada, descartando la teor\u00eda inicial de un suicidio que la familia Saade intent\u00f3 promover.<\/p><p>Mart\u00edn Mestre, el padre de Nancy, se convirti\u00f3 en el rostro de la perseverancia y la justicia, dedicando tres d\u00e9cadas a la b\u00fasqueda del responsable del homicidio de su hija. Su incansable esfuerzo lo llev\u00f3 a rastrear a Saade hasta Brasil, donde este viv\u00eda bajo una identidad falsa como &#8216;Henrique Dos Santos&#8217;. Su detenci\u00f3n en 2019 marc\u00f3 un punto de inflexi\u00f3n en el caso, culminando con la reciente decisi\u00f3n de la Corte Suprema de Justicia de Brasil que favoreci\u00f3 la extradici\u00f3n, tras un tenso proceso legal que enfrent\u00f3 numerosos intentos por parte de la defensa de Saade para evitar su regreso a Colombia.<\/p><figure class=\"wp-block-image size-full\"><img loading=\"lazy\" decoding=\"async\" width=\"650\" height=\"488\" src=\"https:\/\/colombiaopina.com.co\/wp-content\/uploads\/2024\/04\/ASESINO1.jpeg\" alt=\"\" class=\"wp-image-3058\" srcset=\"https:\/\/colombiaopina.com.co\/wp-content\/uploads\/2024\/04\/ASESINO1.jpeg 650w, https:\/\/colombiaopina.com.co\/wp-content\/uploads\/2024\/04\/ASESINO1-300x225.jpeg 300w, https:\/\/colombiaopina.com.co\/wp-content\/uploads\/2024\/04\/ASESINO1-150x113.jpeg 150w, https:\/\/colombiaopina.com.co\/wp-content\/uploads\/2024\/04\/ASESINO1-265x198.jpeg 265w, https:\/\/colombiaopina.com.co\/wp-content\/uploads\/2024\/04\/ASESINO1-600x450.jpeg 600w\" sizes=\"(max-width: 650px) 100vw, 650px\" \/><\/figure><p>La llegada de Saade a Colombia no solo es un triunfo legal para la familia Mestre, sino tambi\u00e9n un momento significativo para el sistema de justicia del pa\u00eds, que se ve ahora en la tarea de procesar un caso con profundas implicaciones emocionales y legales. La sociedad colombiana, a\u00fan impactada por la crueldad del crimen, espera que se haga justicia, no solo como un acto de cierre para la familia, sino como un mensaje claro de que el tiempo no disminuye la gravedad de los actos criminales ni la determinaci\u00f3n por buscar justicia.<\/p><p>Este retorno no es solo el final de un viacrucis para Mart\u00edn Mestre, sino tambi\u00e9n un recordatorio de los desaf\u00edos que enfrentan las familias de las v\u00edctimas y las autoridades en la persecuci\u00f3n de la justicia a trav\u00e9s de fronteras y d\u00e9cadas de espera. La sociedad observa ahora c\u00f3mo se desplegar\u00e1n los pr\u00f3ximos cap\u00edtulos de este caso emblem\u00e1tico en los tribunales colombianos.<\/p>","protected":false},"excerpt":{"rendered":"<p>La extradici\u00f3n de Jaime Saade a Colombia cierra un largo y doloroso cap\u00edtulo para la familia de Nancy Mestre, v\u00edctima de un brutal crimen que conmocion\u00f3 a la naci\u00f3n hace casi tres d\u00e9cadas. Saade, quien huy\u00f3 a Brasil tras el asesinato de Nancy en Barranquilla el 1 de enero de 1994, ha sido finalmente entregado [&hellip;]<\/p>\n","protected":false},"author":4,"featured_media":3059,"comment_status":"open","ping_status":"open","sticky":false,"template":"","format":"standard","meta":{"tdm_status":"","tdm_grid_status":"","_jetpack_memberships_contains_paid_content":false,"footnotes":""},"categories":[118,39,196,197],"tags":[124,93,116,1023,107,1022,65],"class_list":{"0":"post-3057","1":"post","2":"type-post","3":"status-publish","4":"format-standard","5":"has-post-thumbnail","7":"category-asesinato","8":"category-colombia","9":"category-homicidios","10":"category-mujeres","11":"tag-asesinato","12":"tag-colombia","13":"tag-feminicidio","14":"tag-jaime-saade","15":"tag-justicia","16":"tag-profugo","17":"tag-seguridad"},"jetpack_sharing_enabled":true,"jetpack_featured_media_url":"https:\/\/colombiaopina.com.co\/wp-content\/uploads\/2024\/04\/ASESINO.jpeg","amp_enabled":true,"_links":{"self":[{"href":"https:\/\/colombiaopina.com.co\/index.php\/wp-json\/wp\/v2\/posts\/3057"}],"collection":[{"href":"https:\/\/colombiaopina.com.co\/index.php\/wp-json\/wp\/v2\/posts"}],"about":[{"href":"https:\/\/colombiaopina.com.co\/index.php\/wp-json\/wp\/v2\/types\/post"}],"author":[{"embeddable":true,"href":"https:\/\/colombiaopina.com.co\/index.php\/wp-json\/wp\/v2\/users\/4"}],"replies":[{"embeddable":true,"href":"https:\/\/colombiaopina.com.co\/index.php\/wp-json\/wp\/v2\/comments?post=3057"}],"version-history":[{"count":1,"href":"https:\/\/colombiaopina.com.co\/index.php\/wp-json\/wp\/v2\/posts\/3057\/revisions"}],"predecessor-version":[{"id":3060,"href":"https:\/\/colombiaopina.com.co\/index.php\/wp-json\/wp\/v2\/posts\/3057\/revisions\/3060"}],"wp:featuredmedia":[{"embeddable":true,"href":"https:\/\/colombiaopina.com.co\/index.php\/wp-json\/wp\/v2\/media\/3059"}],"wp:attachment":[{"href":"https:\/\/colombiaopina.com.co\/index.php\/wp-json\/wp\/v2\/media?parent=3057"}],"wp:term":[{"taxonomy":"category","embeddable":true,"href":"https:\/\/colombiaopina.com.co\/index.php\/wp-json\/wp\/v2\/categories?post=3057"},{"taxonomy":"post_tag","embeddable":true,"href":"https:\/\/colombiaopina.com.co\/index.php\/wp-json\/wp\/v2\/tags?post=3057"}],"curies":[{"name":"wp","href":"https:\/\/api.w.org\/{rel}","templated":true}]}}