{"id":3032,"date":"2024-04-12T07:48:39","date_gmt":"2024-04-12T12:48:39","guid":{"rendered":"https:\/\/colombiaopina.com.co\/?p=3032"},"modified":"2024-04-12T07:48:41","modified_gmt":"2024-04-12T12:48:41","slug":"alerta-en-bello-capturan-a-cuatro-hombres-tras-secuestrar-a-conductor-de-aplicacion","status":"publish","type":"post","link":"https:\/\/colombiaopina.com.co\/index.php\/2024\/04\/12\/alerta-en-bello-capturan-a-cuatro-hombres-tras-secuestrar-a-conductor-de-aplicacion\/","title":{"rendered":"Alerta en Bello: capturan a cuatro hombres tras secuestrar a conductor de aplicaci\u00f3n"},"content":{"rendered":"<p>En un incidente que marca el segundo caso similar en una semana, las autoridades en Bello, Antioquia, lograron la captura de cuatro hombres acusados de secuestrar a un conductor de aplicaci\u00f3n durante su jornada laboral. El suceso ocurri\u00f3 en la autopista Medell\u00edn-Bogot\u00e1, en el barrio Zamora, donde los delincuentes, armados con armas traum\u00e1ticas, sometieron y agredieron al conductor, un hombre de 31 a\u00f1os, caus\u00e1ndole m\u00faltiples lesiones.<\/p><p>El secuestro comenz\u00f3 en el barrio Niqu\u00eda y continu\u00f3 a trav\u00e9s de varios sectores hasta que un polic\u00eda fuera de servicio not\u00f3 la situaci\u00f3n irregular del veh\u00edculo y alert\u00f3 a las autoridades. Este aviso dio pie a una persecuci\u00f3n que culmin\u00f3 con el rescate del conductor y la detenci\u00f3n de los implicados, quienes ya est\u00e1n bajo custodia policial a la espera de ser presentados ante un juez.<\/p><figure class=\"wp-block-image size-large\"><img loading=\"lazy\" decoding=\"async\" width=\"1024\" height=\"576\" src=\"https:\/\/colombiaopina.com.co\/wp-content\/uploads\/2024\/04\/SECUESTRO-1024x576.jpeg\" alt=\"\" class=\"wp-image-3033\" srcset=\"https:\/\/colombiaopina.com.co\/wp-content\/uploads\/2024\/04\/SECUESTRO-1024x576.jpeg 1024w, https:\/\/colombiaopina.com.co\/wp-content\/uploads\/2024\/04\/SECUESTRO-300x169.jpeg 300w, https:\/\/colombiaopina.com.co\/wp-content\/uploads\/2024\/04\/SECUESTRO-768x432.jpeg 768w, https:\/\/colombiaopina.com.co\/wp-content\/uploads\/2024\/04\/SECUESTRO-150x84.jpeg 150w, https:\/\/colombiaopina.com.co\/wp-content\/uploads\/2024\/04\/SECUESTRO-696x392.jpeg 696w, https:\/\/colombiaopina.com.co\/wp-content\/uploads\/2024\/04\/SECUESTRO-1068x601.jpeg 1068w, https:\/\/colombiaopina.com.co\/wp-content\/uploads\/2024\/04\/SECUESTRO-600x338.jpeg 600w, https:\/\/colombiaopina.com.co\/wp-content\/uploads\/2024\/04\/SECUESTRO.jpeg 1280w\" sizes=\"(max-width: 1024px) 100vw, 1024px\" \/><\/figure><p>Los agresores, que intentaban adem\u00e1s hurtar el veh\u00edculo, infligieron heridas severas al conductor utilizando un arma traum\u00e1tica. En la intervenci\u00f3n, la polic\u00eda recuper\u00f3 el arma, cinco cartuchos, cuatro celulares y el veh\u00edculo destinado al robo. El operativo no solo resalt\u00f3 la r\u00e1pida acci\u00f3n de las fuerzas del orden, sino tambi\u00e9n la continua vulnerabilidad de los trabajadores de aplicaciones frente a este tipo de delitos.<\/p><p>El aumento de incidentes de este tipo en el \u00e1rea metropolitana de Medell\u00edn ha encendido las alarmas sobre la seguridad en el transporte a trav\u00e9s de aplicaciones. Las autoridades est\u00e1n intensificando las medidas de vigilancia y haciendo un llamado a la comunidad para reportar cualquier actividad sospechosa, en un esfuerzo por prevenir futuras ocurrencias y garantizar la seguridad de todos los ciudadanos en la regi\u00f3n.<\/p>","protected":false},"excerpt":{"rendered":"<p>En un incidente que marca el segundo caso similar en una semana, las autoridades en Bello, Antioquia, lograron la captura de cuatro hombres acusados de secuestrar a un conductor de aplicaci\u00f3n durante su jornada laboral. El suceso ocurri\u00f3 en la autopista Medell\u00edn-Bogot\u00e1, en el barrio Zamora, donde los delincuentes, armados con armas traum\u00e1ticas, sometieron y [&hellip;]<\/p>\n","protected":false},"author":4,"featured_media":3034,"comment_status":"open","ping_status":"open","sticky":false,"template":"","format":"standard","meta":{"tdm_status":"","tdm_grid_status":"","_jetpack_memberships_contains_paid_content":false,"footnotes":""},"categories":[38,112,105,110],"tags":[282,138,93,127,296,442,65],"class_list":{"0":"post-3032","1":"post","2":"type-post","3":"status-publish","4":"format-standard","5":"has-post-thumbnail","7":"category-antioquia","8":"category-bello","9":"category-fiscalia","10":"category-policia","11":"tag-antioquia","12":"tag-bello","13":"tag-colombia","14":"tag-orden-publico","15":"tag-policia-2","16":"tag-secuestro","17":"tag-seguridad"},"jetpack_sharing_enabled":true,"jetpack_featured_media_url":"https:\/\/colombiaopina.com.co\/wp-content\/uploads\/2024\/04\/SECUESTRO1.jpeg","amp_enabled":true,"_links":{"self":[{"href":"https:\/\/colombiaopina.com.co\/index.php\/wp-json\/wp\/v2\/posts\/3032"}],"collection":[{"href":"https:\/\/colombiaopina.com.co\/index.php\/wp-json\/wp\/v2\/posts"}],"about":[{"href":"https:\/\/colombiaopina.com.co\/index.php\/wp-json\/wp\/v2\/types\/post"}],"author":[{"embeddable":true,"href":"https:\/\/colombiaopina.com.co\/index.php\/wp-json\/wp\/v2\/users\/4"}],"replies":[{"embeddable":true,"href":"https:\/\/colombiaopina.com.co\/index.php\/wp-json\/wp\/v2\/comments?post=3032"}],"version-history":[{"count":1,"href":"https:\/\/colombiaopina.com.co\/index.php\/wp-json\/wp\/v2\/posts\/3032\/revisions"}],"predecessor-version":[{"id":3035,"href":"https:\/\/colombiaopina.com.co\/index.php\/wp-json\/wp\/v2\/posts\/3032\/revisions\/3035"}],"wp:featuredmedia":[{"embeddable":true,"href":"https:\/\/colombiaopina.com.co\/index.php\/wp-json\/wp\/v2\/media\/3034"}],"wp:attachment":[{"href":"https:\/\/colombiaopina.com.co\/index.php\/wp-json\/wp\/v2\/media?parent=3032"}],"wp:term":[{"taxonomy":"category","embeddable":true,"href":"https:\/\/colombiaopina.com.co\/index.php\/wp-json\/wp\/v2\/categories?post=3032"},{"taxonomy":"post_tag","embeddable":true,"href":"https:\/\/colombiaopina.com.co\/index.php\/wp-json\/wp\/v2\/tags?post=3032"}],"curies":[{"name":"wp","href":"https:\/\/api.w.org\/{rel}","templated":true}]}}