{"id":2755,"date":"2024-04-04T13:14:21","date_gmt":"2024-04-04T18:14:21","guid":{"rendered":"https:\/\/colombiaopina.com.co\/?p=2755"},"modified":"2024-04-04T13:14:23","modified_gmt":"2024-04-04T18:14:23","slug":"presidencia-solicita-la-renuncia-de-norida-rodriguez-en-rtvc-tras-presuntas-irregularidades-internas","status":"publish","type":"post","link":"https:\/\/colombiaopina.com.co\/index.php\/2024\/04\/04\/presidencia-solicita-la-renuncia-de-norida-rodriguez-en-rtvc-tras-presuntas-irregularidades-internas\/","title":{"rendered":"Presidencia solicita la renuncia de N\u00f3rida Rodr\u00edguez en RTVC tras presuntas irregularidades internas"},"content":{"rendered":"<p>Tras una serie de denuncias sobre presuntas irregularidades en la contrataci\u00f3n dentro del sistema de medios p\u00fablicos RTVC, la Presidencia de la Rep\u00fablica ha solicitado la renuncia de la gerente de la entidad, N\u00f3rida Rodr\u00edguez. Las acusaciones, surgidas a ra\u00edz de investigaciones period\u00edsticas, apuntaban a posibles interferencias en decisiones de la gerencia, as\u00ed como a se\u00f1alamientos de malos manejos en la contrataci\u00f3n, direccionamientos y nepotismo.<br><\/p><p>Las denuncias se\u00f1alaron la posible interferencia del subgerente de Soporte Corporativo de RTVC, Jorge Luis Arzuaga Cadena, en las decisiones de la gerencia, lo que puso a Rodr\u00edguez en el centro del esc\u00e1ndalo. Adem\u00e1s, se destacaron presuntos malos manejos en la contrataci\u00f3n, incluyendo celebraci\u00f3n indebida de contratos, contrataci\u00f3n de personas no id\u00f3neas y nepotismo.<br><\/p><figure class=\"wp-block-image size-full\"><img loading=\"lazy\" decoding=\"async\" width=\"780\" height=\"565\" src=\"https:\/\/colombiaopina.com.co\/wp-content\/uploads\/2024\/04\/norida.jpeg\" alt=\"\" class=\"wp-image-2757\" srcset=\"https:\/\/colombiaopina.com.co\/wp-content\/uploads\/2024\/04\/norida.jpeg 780w, https:\/\/colombiaopina.com.co\/wp-content\/uploads\/2024\/04\/norida-300x217.jpeg 300w, https:\/\/colombiaopina.com.co\/wp-content\/uploads\/2024\/04\/norida-768x556.jpeg 768w, https:\/\/colombiaopina.com.co\/wp-content\/uploads\/2024\/04\/norida-150x109.jpeg 150w, https:\/\/colombiaopina.com.co\/wp-content\/uploads\/2024\/04\/norida-696x504.jpeg 696w, https:\/\/colombiaopina.com.co\/wp-content\/uploads\/2024\/04\/norida-600x435.jpeg 600w\" sizes=\"(max-width: 780px) 100vw, 780px\" \/><\/figure><p>La Procuradur\u00eda General de la Naci\u00f3n abri\u00f3 una investigaci\u00f3n disciplinaria contra N\u00f3rida Rodr\u00edguez y Jorge Luis Arzuaga Cadena a ra\u00edz de estos hechos, espec\u00edficamente relacionados con un contrato interadministrativo con la Agencia Nacional Digital para la puesta en marcha de emisoras de paz. La investigaci\u00f3n se\u00f1al\u00f3 que la empresa contratada carec\u00eda de experiencia en el \u00e1rea y su objeto social no guardaba relaci\u00f3n con lo contratado.<br><\/p><p>Ante esta situaci\u00f3n, el Ministro de las TIC, Mauricio Lizcano, emiti\u00f3 un comunicado de prensa en el que anunci\u00f3 que, en respuesta a la decisi\u00f3n de la Presidencia de solicitar un cambio en la direcci\u00f3n de RTVC, el Ministerio revisar\u00e1 y fortalecer\u00e1 el correcto funcionamiento de la entidad. Adem\u00e1s, se comprometi\u00f3 a trabajar en la transformaci\u00f3n necesaria del sistema de medios p\u00fablicos del pa\u00eds desde las respectivas competencias ministeriales.<\/p>","protected":false},"excerpt":{"rendered":"<p>Tras una serie de denuncias sobre presuntas irregularidades en la contrataci\u00f3n dentro del sistema de medios p\u00fablicos RTVC, la Presidencia de la Rep\u00fablica ha solicitado la renuncia de la gerente de la entidad, N\u00f3rida Rodr\u00edguez. Las acusaciones, surgidas a ra\u00edz de investigaciones period\u00edsticas, apuntaban a posibles interferencias en decisiones de la gerencia, as\u00ed como a [&hellip;]<\/p>\n","protected":false},"author":4,"featured_media":2756,"comment_status":"open","ping_status":"open","sticky":false,"template":"","format":"standard","meta":{"tdm_status":"","tdm_grid_status":"","_jetpack_memberships_contains_paid_content":false,"footnotes":""},"categories":[39,46,103],"tags":[93,227,135,918],"class_list":{"0":"post-2755","1":"post","2":"type-post","3":"status-publish","4":"format-standard","5":"has-post-thumbnail","7":"category-colombia","8":"category-gobierno","9":"category-petro","10":"tag-colombia","11":"tag-gobierno","12":"tag-petro","13":"tag-rtvc"},"jetpack_sharing_enabled":true,"jetpack_featured_media_url":"https:\/\/colombiaopina.com.co\/wp-content\/uploads\/2024\/04\/norida1.jpeg","amp_enabled":true,"_links":{"self":[{"href":"https:\/\/colombiaopina.com.co\/index.php\/wp-json\/wp\/v2\/posts\/2755"}],"collection":[{"href":"https:\/\/colombiaopina.com.co\/index.php\/wp-json\/wp\/v2\/posts"}],"about":[{"href":"https:\/\/colombiaopina.com.co\/index.php\/wp-json\/wp\/v2\/types\/post"}],"author":[{"embeddable":true,"href":"https:\/\/colombiaopina.com.co\/index.php\/wp-json\/wp\/v2\/users\/4"}],"replies":[{"embeddable":true,"href":"https:\/\/colombiaopina.com.co\/index.php\/wp-json\/wp\/v2\/comments?post=2755"}],"version-history":[{"count":1,"href":"https:\/\/colombiaopina.com.co\/index.php\/wp-json\/wp\/v2\/posts\/2755\/revisions"}],"predecessor-version":[{"id":2758,"href":"https:\/\/colombiaopina.com.co\/index.php\/wp-json\/wp\/v2\/posts\/2755\/revisions\/2758"}],"wp:featuredmedia":[{"embeddable":true,"href":"https:\/\/colombiaopina.com.co\/index.php\/wp-json\/wp\/v2\/media\/2756"}],"wp:attachment":[{"href":"https:\/\/colombiaopina.com.co\/index.php\/wp-json\/wp\/v2\/media?parent=2755"}],"wp:term":[{"taxonomy":"category","embeddable":true,"href":"https:\/\/colombiaopina.com.co\/index.php\/wp-json\/wp\/v2\/categories?post=2755"},{"taxonomy":"post_tag","embeddable":true,"href":"https:\/\/colombiaopina.com.co\/index.php\/wp-json\/wp\/v2\/tags?post=2755"}],"curies":[{"name":"wp","href":"https:\/\/api.w.org\/{rel}","templated":true}]}}