{"id":2752,"date":"2024-04-04T13:10:17","date_gmt":"2024-04-04T18:10:17","guid":{"rendered":"https:\/\/colombiaopina.com.co\/?p=2752"},"modified":"2024-04-04T13:10:19","modified_gmt":"2024-04-04T18:10:19","slug":"el-gobierno-no-se-rinde-anuncia-nuevas-estrategias-tras-el-fracaso-de-la-reforma-a-la-salud","status":"publish","type":"post","link":"https:\/\/colombiaopina.com.co\/index.php\/2024\/04\/04\/el-gobierno-no-se-rinde-anuncia-nuevas-estrategias-tras-el-fracaso-de-la-reforma-a-la-salud\/","title":{"rendered":"El Gobierno no se rinde: anuncia nuevas estrategias tras el fracaso de la reforma a la salud"},"content":{"rendered":"<p>El intento del Gobierno de Gustavo Petro por reformar el sistema de salud colombiano sufri\u00f3 un duro golpe este mi\u00e9rcoles, cuando la Comisi\u00f3n S\u00e9ptima del Senado rechaz\u00f3 el proyecto de ley que buscaba transformar profundamente el sector. Casi simult\u00e1neamente, se anunciaron medidas dr\u00e1sticas como la intervenci\u00f3n de la Nueva EPS y la toma de control de la EPS Sanitas, afectando directamente a casi 24 millones de afiliados. Esta serie de acciones ha levantado sospechas sobre una posible estrategia del Ejecutivo para implementar cambios en el sistema de salud \u00aba la fuerza\u00bb, tras el rev\u00e9s legislativo.<br><\/p><p>En una declaraci\u00f3n p\u00fablica, el presidente Petro no ocult\u00f3 su decepci\u00f3n ante el resultado en el Senado, insinuando que el camino hacia la reforma, que podr\u00eda haber sido pac\u00edfico y concertado, ahora se enfrenta a un escenario m\u00e1s abrupto y contencioso. \u00abAhora nos toca resolverlo. Lo que pudo ser una concertaci\u00f3n tranquila y ordenada en una transici\u00f3n, ahora es de golpe\u00bb, manifest\u00f3 el mandatario, dejando entrever la tensi\u00f3n que este tema ha generado dentro de su administraci\u00f3n.<br><\/p><p>Por su parte, el ministro de Salud, Guillermo Jaramillo, quien ha sido un firme defensor de la reforma, intent\u00f3 sin \u00e9xito persuadir a los miembros de la Comisi\u00f3n S\u00e9ptima del Senado. Tras el fracaso, Jaramillo expres\u00f3 en conferencia de prensa la determinaci\u00f3n del Gobierno de seguir adelante con sus planes de reforma, utilizando \u00abtodos los mecanismos necesarios\u00bb para superar la crisis en el sistema de salud. El ministro recalc\u00f3 la grave situaci\u00f3n estructural que, seg\u00fan \u00e9l, aqueja al sector, criticando la postura del Legislativo y recordando las liquidaciones de EPS durante el gobierno anterior como ejemplo de la necesidad urgente de cambio.<br><\/p><figure class=\"wp-block-embed is-type-rich is-provider-twitter wp-block-embed-twitter\"><div class=\"wp-block-embed__wrapper\">\n<blockquote class=\"twitter-tweet\" data-width=\"550\" data-dnt=\"true\"><p lang=\"es\" dir=\"ltr\"><a href=\"https:\/\/twitter.com\/hashtag\/Comisi%C3%B3nVII?src=hash&amp;ref_src=twsrc%5Etfw\">#Comisi\u00f3nVII<\/a> | \u201cNosotros no estamos en una posici\u00f3n en contra del Pdte. <a href=\"https:\/\/twitter.com\/petrogustavo?ref_src=twsrc%5Etfw\">@petrogustavo<\/a>, la posici\u00f3n nuestra es con respecto a esta reforma, en el tr\u00e1mite que se surgi\u00f3 y en lo que se incluy\u00f3 que desvirtu\u00f3 completamente la idea original que ten\u00edan en la C\u00e1mara\u201d: S. <a href=\"https:\/\/twitter.com\/MiguelPintoH1?ref_src=twsrc%5Etfw\">@MiguelPintoH1<\/a>.<\/p>&mdash; Senado de la Rep\u00fablica \ud83c\udde8\ud83c\uddf4 (@SenadoGovCo) <a href=\"https:\/\/twitter.com\/SenadoGovCo\/status\/1775631644352819507?ref_src=twsrc%5Etfw\">April 3, 2024<\/a><\/blockquote><script async src=\"https:\/\/platform.twitter.com\/widgets.js\" charset=\"utf-8\"><\/script>\n<\/div><\/figure><p>La estrategia del Gobierno, seg\u00fan Jaramillo, no se limita a la intervenci\u00f3n de EPS en dificultades sino que incluye un esfuerzo continuo y decidido por convencer al Congreso y a la ciudadan\u00eda de la importancia de una reforma integral. \u00abSeguimos y seguiremos insistiendo ante el Congreso de la Rep\u00fablica hoy, ma\u00f1ana y pasado ma\u00f1ana de que hay que hacer una reforma\u00bb, afirm\u00f3, enfatizando el compromiso del Ejecutivo con la mejora del acceso y la calidad del servicio de salud para todos los colombianos.<br><\/p><p>Este episodio marca un momento cr\u00edtico en la gesti\u00f3n de Petro, poniendo a prueba su capacidad para llevar adelante una de sus promesas clave de campa\u00f1a en medio de un complejo escenario pol\u00edtico. La insistencia del Gobierno en transformar el sistema de salud, incluso frente a la oposici\u00f3n legislativa y las cr\u00edticas de diversos sectores, refleja la prioridad que este tema tiene dentro de su agenda. Sin embargo, queda por ver c\u00f3mo se desarrollar\u00e1n estas nuevas estrategias y si finalmente lograr\u00e1n superar los obst\u00e1culos que hasta ahora han impedido la realizaci\u00f3n de esta ambiciosa reforma.<\/p>","protected":false},"excerpt":{"rendered":"<p>El intento del Gobierno de Gustavo Petro por reformar el sistema de salud colombiano sufri\u00f3 un duro golpe este mi\u00e9rcoles, cuando la Comisi\u00f3n S\u00e9ptima del Senado rechaz\u00f3 el proyecto de ley que buscaba transformar profundamente el sector. Casi simult\u00e1neamente, se anunciaron medidas dr\u00e1sticas como la intervenci\u00f3n de la Nueva EPS y la toma de control [&hellip;]<\/p>\n","protected":false},"author":4,"featured_media":2753,"comment_status":"open","ping_status":"open","sticky":false,"template":"","format":"standard","meta":{"tdm_status":"","tdm_grid_status":"","_jetpack_memberships_contains_paid_content":false,"footnotes":""},"categories":[39,46,103,86,60],"tags":[93,227,135,589,182],"class_list":{"0":"post-2752","1":"post","2":"type-post","3":"status-publish","4":"format-standard","5":"has-post-thumbnail","7":"category-colombia","8":"category-gobierno","9":"category-petro","10":"category-politica","11":"category-salud","12":"tag-colombia","13":"tag-gobierno","14":"tag-petro","15":"tag-reforma","16":"tag-salud"},"jetpack_sharing_enabled":true,"jetpack_featured_media_url":"https:\/\/colombiaopina.com.co\/wp-content\/uploads\/2024\/04\/salud1.jpeg","amp_enabled":true,"_links":{"self":[{"href":"https:\/\/colombiaopina.com.co\/index.php\/wp-json\/wp\/v2\/posts\/2752"}],"collection":[{"href":"https:\/\/colombiaopina.com.co\/index.php\/wp-json\/wp\/v2\/posts"}],"about":[{"href":"https:\/\/colombiaopina.com.co\/index.php\/wp-json\/wp\/v2\/types\/post"}],"author":[{"embeddable":true,"href":"https:\/\/colombiaopina.com.co\/index.php\/wp-json\/wp\/v2\/users\/4"}],"replies":[{"embeddable":true,"href":"https:\/\/colombiaopina.com.co\/index.php\/wp-json\/wp\/v2\/comments?post=2752"}],"version-history":[{"count":1,"href":"https:\/\/colombiaopina.com.co\/index.php\/wp-json\/wp\/v2\/posts\/2752\/revisions"}],"predecessor-version":[{"id":2754,"href":"https:\/\/colombiaopina.com.co\/index.php\/wp-json\/wp\/v2\/posts\/2752\/revisions\/2754"}],"wp:featuredmedia":[{"embeddable":true,"href":"https:\/\/colombiaopina.com.co\/index.php\/wp-json\/wp\/v2\/media\/2753"}],"wp:attachment":[{"href":"https:\/\/colombiaopina.com.co\/index.php\/wp-json\/wp\/v2\/media?parent=2752"}],"wp:term":[{"taxonomy":"category","embeddable":true,"href":"https:\/\/colombiaopina.com.co\/index.php\/wp-json\/wp\/v2\/categories?post=2752"},{"taxonomy":"post_tag","embeddable":true,"href":"https:\/\/colombiaopina.com.co\/index.php\/wp-json\/wp\/v2\/tags?post=2752"}],"curies":[{"name":"wp","href":"https:\/\/api.w.org\/{rel}","templated":true}]}}