{"id":2738,"date":"2024-04-04T12:52:47","date_gmt":"2024-04-04T17:52:47","guid":{"rendered":"https:\/\/colombiaopina.com.co\/?p=2738"},"modified":"2024-04-04T12:52:49","modified_gmt":"2024-04-04T17:52:49","slug":"ministro-de-salud-no-se-da-por-vencido-promete-nueva-ofensiva-por-la-reforma-a-la-salud","status":"publish","type":"post","link":"https:\/\/colombiaopina.com.co\/index.php\/2024\/04\/04\/ministro-de-salud-no-se-da-por-vencido-promete-nueva-ofensiva-por-la-reforma-a-la-salud\/","title":{"rendered":"Ministro de Salud no se da por vencido: Promete nueva ofensiva por la reforma a la salud"},"content":{"rendered":"<p>Tras el reciente rev\u00e9s en la Comisi\u00f3n S\u00e9ptima del Senado, donde se hundi\u00f3 la ambiciosa reforma a la salud propuesta por el gobierno de Gustavo Petro, el Ministro de Salud, Guillermo Alfonso Jaramillo, dej\u00f3 claro que el ejecutivo no se dar\u00e1 por vencido. En una contundente rueda de prensa, Jaramillo respald\u00f3 las acciones de la Superintendencia de Salud que incluyen la intervenci\u00f3n de la Nueva EPS y Sanitas, subrayando que estas medidas son esenciales para garantizar la continuidad y calidad del servicio de salud. \u00abPueden estar totalmente tranquilos\u00bb, asegur\u00f3, enfatizando que la prioridad del gobierno es proteger el derecho a la salud de todos los colombianos.<br><\/p><p>El ministro fue enf\u00e1tico al afirmar que el gobierno utilizar\u00e1 \u00abtodos los mecanismos que sean necesarios\u00bb para sacar adelante la reforma, insistiendo en la importancia de este cambio para mejorar el sistema de salud del pa\u00eds. La determinaci\u00f3n del Ministro Jaramillo y del gobierno de Petro es clara: no se trata de liquidar las EPS, sino de reformarlas para asegurar un sistema m\u00e1s justo y eficiente. La menci\u00f3n de una situaci\u00f3n grave dentro del sistema y la necesidad de una auditor\u00eda forense destacan la seriedad con la que el gobierno enfrenta los desaf\u00edos actuales del sector.<br><\/p><p>Esta nueva ofensiva por la reforma a la salud promete ser un cap\u00edtulo crucial en el mandato de Petro, y seg\u00fan el Ministro Jaramillo, podr\u00eda incluir hasta un llamado a una asamblea nacional constituyente como alternativa para lograr los cambios necesarios. Este enfoque radical subraya la urgencia y la profundidad de la reforma que el gobierno considera esencial para el pa\u00eds.<br><\/p><figure class=\"wp-block-embed is-type-rich is-provider-twitter wp-block-embed-twitter\"><div class=\"wp-block-embed__wrapper\">\n<blockquote class=\"twitter-tweet\" data-width=\"550\" data-dnt=\"true\"><p lang=\"es\" dir=\"ltr\">El gobierno tiene la obligaci\u00f3n de salvar el sistema de salud, y la vida de los colombianos. El actual sistema como desde hace a\u00f1os se ven\u00eda denunciando desde diferentes instancias de control administrativo, judicial y politico, extrajo recursos p\u00fablicos por decenas de billones\u2026<\/p>&mdash; Gustavo Petro (@petrogustavo) <a href=\"https:\/\/twitter.com\/petrogustavo\/status\/1775319379053265272?ref_src=twsrc%5Etfw\">April 3, 2024<\/a><\/blockquote><script async src=\"https:\/\/platform.twitter.com\/widgets.js\" charset=\"utf-8\"><\/script>\n<\/div><\/figure><p>Adem\u00e1s, el ministro critic\u00f3 la forma en que se ha gestionado el sistema de salud en administraciones anteriores, particularmente durante el gobierno de Juan Manuel Santos y su ministro de Salud, Alejandro Gaviria, cuestionando la efectividad de las medidas tomadas en ese entonces. Jaramillo argument\u00f3 que la infraestructura p\u00fablica de salud, especialmente en municipios de categor\u00edas inferiores, es fundamental para la atenci\u00f3n de la poblaci\u00f3n y debe ser protegida y fortalecida, no relegada en favor de intereses privados.<br><\/p><p>Con este firme respaldo a la reforma y las intervenciones recientes en importantes EPS, el gobierno de Petro se\u00f1ala su compromiso con una transformaci\u00f3n profunda del sistema de salud colombiano. La insistencia en avanzar con la reforma, a pesar de la oposici\u00f3n en el Congreso, refleja la convicci\u00f3n de que el derecho a la salud debe estar por encima de intereses econ\u00f3micos y pol\u00edticos. La batalla por la reforma a la salud en Colombia contin\u00faa, y el gobierno parece estar preparado para llevarla hasta las \u00faltimas consecuencias.<\/p>","protected":false},"excerpt":{"rendered":"<p>Tras el reciente rev\u00e9s en la Comisi\u00f3n S\u00e9ptima del Senado, donde se hundi\u00f3 la ambiciosa reforma a la salud propuesta por el gobierno de Gustavo Petro, el Ministro de Salud, Guillermo Alfonso Jaramillo, dej\u00f3 claro que el ejecutivo no se dar\u00e1 por vencido. En una contundente rueda de prensa, Jaramillo respald\u00f3 las acciones de la [&hellip;]<\/p>\n","protected":false},"author":4,"featured_media":2739,"comment_status":"open","ping_status":"open","sticky":false,"template":"","format":"standard","meta":{"tdm_status":"","tdm_grid_status":"","_jetpack_memberships_contains_paid_content":false,"footnotes":""},"categories":[39,46,103,86,60],"tags":[93,227,135,589,182,590],"class_list":{"0":"post-2738","1":"post","2":"type-post","3":"status-publish","4":"format-standard","5":"has-post-thumbnail","7":"category-colombia","8":"category-gobierno","9":"category-petro","10":"category-politica","11":"category-salud","12":"tag-colombia","13":"tag-gobierno","14":"tag-petro","15":"tag-reforma","16":"tag-salud","17":"tag-senado"},"jetpack_sharing_enabled":true,"jetpack_featured_media_url":"https:\/\/colombiaopina.com.co\/wp-content\/uploads\/2024\/04\/salud2.jpeg","amp_enabled":true,"_links":{"self":[{"href":"https:\/\/colombiaopina.com.co\/index.php\/wp-json\/wp\/v2\/posts\/2738"}],"collection":[{"href":"https:\/\/colombiaopina.com.co\/index.php\/wp-json\/wp\/v2\/posts"}],"about":[{"href":"https:\/\/colombiaopina.com.co\/index.php\/wp-json\/wp\/v2\/types\/post"}],"author":[{"embeddable":true,"href":"https:\/\/colombiaopina.com.co\/index.php\/wp-json\/wp\/v2\/users\/4"}],"replies":[{"embeddable":true,"href":"https:\/\/colombiaopina.com.co\/index.php\/wp-json\/wp\/v2\/comments?post=2738"}],"version-history":[{"count":1,"href":"https:\/\/colombiaopina.com.co\/index.php\/wp-json\/wp\/v2\/posts\/2738\/revisions"}],"predecessor-version":[{"id":2740,"href":"https:\/\/colombiaopina.com.co\/index.php\/wp-json\/wp\/v2\/posts\/2738\/revisions\/2740"}],"wp:featuredmedia":[{"embeddable":true,"href":"https:\/\/colombiaopina.com.co\/index.php\/wp-json\/wp\/v2\/media\/2739"}],"wp:attachment":[{"href":"https:\/\/colombiaopina.com.co\/index.php\/wp-json\/wp\/v2\/media?parent=2738"}],"wp:term":[{"taxonomy":"category","embeddable":true,"href":"https:\/\/colombiaopina.com.co\/index.php\/wp-json\/wp\/v2\/categories?post=2738"},{"taxonomy":"post_tag","embeddable":true,"href":"https:\/\/colombiaopina.com.co\/index.php\/wp-json\/wp\/v2\/tags?post=2738"}],"curies":[{"name":"wp","href":"https:\/\/api.w.org\/{rel}","templated":true}]}}