{"id":2657,"date":"2024-04-03T10:58:19","date_gmt":"2024-04-03T15:58:19","guid":{"rendered":"https:\/\/colombiaopina.com.co\/?p=2657"},"modified":"2024-04-03T10:58:22","modified_gmt":"2024-04-03T15:58:22","slug":"maria-corina-machado-lidera-llamado-global-por-la-libertad-electoral-en-venezuela","status":"publish","type":"post","link":"https:\/\/colombiaopina.com.co\/index.php\/2024\/04\/03\/maria-corina-machado-lidera-llamado-global-por-la-libertad-electoral-en-venezuela\/","title":{"rendered":"Mar\u00eda Corina Machado lidera llamado global por la libertad electoral en Venezuela"},"content":{"rendered":"<p>Mar\u00eda Corina Machado, prominente figura de la oposici\u00f3n venezolana, ha convocado a una \u00abmarcha mundial contra las restricciones del r\u00e9gimen\u00bb este s\u00e1bado, en un esfuerzo por denunciar lo que describe como un bloqueo electoral por parte del gobierno venezolano, liderado por Nicol\u00e1s Maduro. Esta convocatoria surge en el contexto de las pr\u00f3ximas elecciones presidenciales venezolanas, programadas para el 28 de julio, donde Maduro aspira a un tercer mandato.<\/p><p>Machado, quien enfrenta una inhabilitaci\u00f3n pol\u00edtica que le impide presentarse como candidata hasta 2036, ha hecho un llamado a los venezolanos dentro y fuera del pa\u00eds a unirse en protesta. A trav\u00e9s de un emotivo video publicado en su cuenta de X, la exdiputada ha movilizado no solo a los ciudadanos en Venezuela sino tambi\u00e9n a la di\u00e1spora venezolana, alent\u00e1ndolos a inscribirse en el registro electoral en consulados alrededor del mundo, a pesar de los retrasos y obst\u00e1culos enfrentados en este proceso.<\/p><p>\u00abEste s\u00e1bado 6 de abril, queremos que el mundo vea a una Venezuela unida, determinada a superar los obst\u00e1culos hacia la libertad\u00bb, expres\u00f3 Machado, destacando la importancia de la participaci\u00f3n y el apoyo internacional en esta causa. La l\u00edder opositora ha sido vocal en su rechazo a las maniobras del r\u00e9gimen de Maduro, que, a su juicio, busca limitar la competencia electoral seleccionando a los candidatos opositores.<\/p><figure class=\"wp-block-embed is-type-rich is-provider-twitter wp-block-embed-twitter\"><div class=\"wp-block-embed__wrapper\">\n<blockquote class=\"twitter-tweet\" data-width=\"550\" data-dnt=\"true\"><p lang=\"es\" dir=\"ltr\">T\u00fa, venezolano que vives en el exterior, este mensaje es para ti: <br><br>El pr\u00f3ximo s\u00e1bado <a href=\"https:\/\/twitter.com\/hashtag\/6Abr?src=hash&amp;ref_src=twsrc%5Etfw\">#6Abr<\/a> alzamos la voz en varias ciudades del mundo para exigir <a href=\"https:\/\/twitter.com\/hashtag\/EleccionesLibresVzla?src=hash&amp;ref_src=twsrc%5Etfw\">#EleccionesLibresVzla<\/a>. <br><br>El mundo tiene que ver a Venezuela unida contra el bloqueo electoral y la violaci\u00f3n de DDHH. <br><br>Nuestro pa\u00eds\u2026 <a href=\"https:\/\/t.co\/Wt9DybladA\">pic.twitter.com\/Wt9DybladA<\/a><\/p>&mdash; Mar\u00eda Corina Machado (@MariaCorinaYA) <a href=\"https:\/\/twitter.com\/MariaCorinaYA\/status\/1775268801715814570?ref_src=twsrc%5Etfw\">April 2, 2024<\/a><\/blockquote><script async src=\"https:\/\/platform.twitter.com\/widgets.js\" charset=\"utf-8\"><\/script>\n<\/div><\/figure><p>Aunque Machado ha propuesto a Corina Yoris como su sustituta, esta tambi\u00e9n fue rechazada por el Consejo Nacional Electoral (CNE), dejando en el aire el apoyo de Machado hacia otro candidato para las elecciones. Este movimiento busca no solo enfrentar las restricciones impuestas por el gobierno sino tambi\u00e9n fortalecer el llamado a la libertad y la democracia en Venezuela, en un momento cr\u00edtico para el futuro pol\u00edtico del pa\u00eds.<\/p><p>La marcha del 6 de abril promete ser un evento significativo, con la esperanza de capturar la atenci\u00f3n mundial sobre la situaci\u00f3n pol\u00edtica en Venezuela y el derecho de los venezolanos a elegir libremente a sus l\u00edderes. Con m\u00e1s de 7,7 millones de venezolanos viviendo en el extranjero, seg\u00fan estimaciones de la ONU, el voto de la di\u00e1spora se considera crucial para el resultado de las pr\u00f3ximas elecciones, haciendo de esta convocatoria un momento decisivo en la lucha por la democracia en Venezuela.<\/p>","protected":false},"excerpt":{"rendered":"<p>Mar\u00eda Corina Machado, prominente figura de la oposici\u00f3n venezolana, ha convocado a una \u00abmarcha mundial contra las restricciones del r\u00e9gimen\u00bb este s\u00e1bado, en un esfuerzo por denunciar lo que describe como un bloqueo electoral por parte del gobierno venezolano, liderado por Nicol\u00e1s Maduro. Esta convocatoria surge en el contexto de las pr\u00f3ximas elecciones presidenciales venezolanas, [&hellip;]<\/p>\n","protected":false},"author":4,"featured_media":2658,"comment_status":"open","ping_status":"open","sticky":false,"template":"","format":"standard","meta":{"tdm_status":"","tdm_grid_status":"","_jetpack_memberships_contains_paid_content":false,"footnotes":""},"categories":[53,86],"tags":[853,416,588,337,583],"class_list":{"0":"post-2657","1":"post","2":"type-post","3":"status-publish","4":"format-standard","5":"has-post-thumbnail","7":"category-internacional","8":"category-politica","9":"tag-corina","10":"tag-elecciones","11":"tag-maduro","12":"tag-oposicion","13":"tag-venezuela"},"jetpack_sharing_enabled":true,"jetpack_featured_media_url":"https:\/\/colombiaopina.com.co\/wp-content\/uploads\/2024\/04\/VENEZUELA-1.jpeg","amp_enabled":true,"_links":{"self":[{"href":"https:\/\/colombiaopina.com.co\/index.php\/wp-json\/wp\/v2\/posts\/2657"}],"collection":[{"href":"https:\/\/colombiaopina.com.co\/index.php\/wp-json\/wp\/v2\/posts"}],"about":[{"href":"https:\/\/colombiaopina.com.co\/index.php\/wp-json\/wp\/v2\/types\/post"}],"author":[{"embeddable":true,"href":"https:\/\/colombiaopina.com.co\/index.php\/wp-json\/wp\/v2\/users\/4"}],"replies":[{"embeddable":true,"href":"https:\/\/colombiaopina.com.co\/index.php\/wp-json\/wp\/v2\/comments?post=2657"}],"version-history":[{"count":1,"href":"https:\/\/colombiaopina.com.co\/index.php\/wp-json\/wp\/v2\/posts\/2657\/revisions"}],"predecessor-version":[{"id":2659,"href":"https:\/\/colombiaopina.com.co\/index.php\/wp-json\/wp\/v2\/posts\/2657\/revisions\/2659"}],"wp:featuredmedia":[{"embeddable":true,"href":"https:\/\/colombiaopina.com.co\/index.php\/wp-json\/wp\/v2\/media\/2658"}],"wp:attachment":[{"href":"https:\/\/colombiaopina.com.co\/index.php\/wp-json\/wp\/v2\/media?parent=2657"}],"wp:term":[{"taxonomy":"category","embeddable":true,"href":"https:\/\/colombiaopina.com.co\/index.php\/wp-json\/wp\/v2\/categories?post=2657"},{"taxonomy":"post_tag","embeddable":true,"href":"https:\/\/colombiaopina.com.co\/index.php\/wp-json\/wp\/v2\/tags?post=2657"}],"curies":[{"name":"wp","href":"https:\/\/api.w.org\/{rel}","templated":true}]}}