{"id":2392,"date":"2024-03-21T12:01:37","date_gmt":"2024-03-21T17:01:37","guid":{"rendered":"https:\/\/colombiaopina.com.co\/?p=2392"},"modified":"2024-03-21T12:01:39","modified_gmt":"2024-03-21T17:01:39","slug":"el-costo-de-la-reforma-de-salud-un-dilema-fiscal-para-colombia","status":"publish","type":"post","link":"https:\/\/colombiaopina.com.co\/index.php\/2024\/03\/21\/el-costo-de-la-reforma-de-salud-un-dilema-fiscal-para-colombia\/","title":{"rendered":"El costo de la reforma de salud: un dilema fiscal para Colombia"},"content":{"rendered":"<p>El Ministerio de Hacienda ha presentado ante el Congreso de la Rep\u00fablica el estudio de impacto fiscal que revela las implicaciones econ\u00f3micas de la propuesta de reforma de la salud, actualmente en debate. Seg\u00fan este an\u00e1lisis, la implementaci\u00f3n de la reforma podr\u00eda costar al Estado colombiano unos 105 billones de pesos en 2025, y el gasto ascender\u00eda a 143 billones de pesos para 2033. Este escenario plantea un desaf\u00edo significativo para las finanzas p\u00fablicas del pa\u00eds, evidenciando la necesidad de ajustes presupuestales importantes para viabilizar la propuesta.<\/p><p>La viceministra T\u00e9cnica de Hacienda, Mar\u00eda Fernanda Vald\u00e9s, sugiere que estos costos adicionales podr\u00edan incorporarse al marco fiscal, siempre y cuando el Consejo Superior de Pol\u00edtica Fiscal (Confis) autorice un recorte de gastos de funcionamiento e inversi\u00f3n en otros sectores del Gobierno Nacional Central. Este recorte deber\u00eda definirse antes de la presentaci\u00f3n del proyecto de presupuesto general de la naci\u00f3n para 2025, enfatizando la necesidad de reasignar recursos para financiar la reforma.<\/p><p>Este anuncio ha intensificado el debate en torno a la viabilidad fiscal de la reforma, con varios congresistas expresando preocupaciones sobre el posible desfinanciamiento de la iniciativa. La propuesta de recorte de gastos en otras \u00e1reas para financiar la reforma de salud ha sido recibida con escepticismo por algunos sectores, que cuestionan la sostenibilidad de esta estrategia a mediano y largo plazo.<\/p><figure class=\"wp-block-image size-full\"><img loading=\"lazy\" decoding=\"async\" width=\"696\" height=\"392\" src=\"https:\/\/colombiaopina.com.co\/wp-content\/uploads\/2024\/03\/SALUD1.jpeg\" alt=\"\" class=\"wp-image-2394\" srcset=\"https:\/\/colombiaopina.com.co\/wp-content\/uploads\/2024\/03\/SALUD1.jpeg 696w, https:\/\/colombiaopina.com.co\/wp-content\/uploads\/2024\/03\/SALUD1-300x169.jpeg 300w, https:\/\/colombiaopina.com.co\/wp-content\/uploads\/2024\/03\/SALUD1-150x84.jpeg 150w, https:\/\/colombiaopina.com.co\/wp-content\/uploads\/2024\/03\/SALUD1-600x338.jpeg 600w\" sizes=\"(max-width: 696px) 100vw, 696px\" \/><\/figure><p>La reforma de la salud, que ha sido objeto de discusi\u00f3n durante m\u00e1s de un a\u00f1o en el legislativo, busca transformar el sistema de salud colombiano. Sin embargo, su \u00e9xito depende no solo de la aprobaci\u00f3n legislativa sino tambi\u00e9n de encontrar un modelo de financiaci\u00f3n que no comprometa otros compromisos vitales del Estado ni la estabilidad econ\u00f3mica del pa\u00eds.<\/p><p>La situaci\u00f3n pone de manifiesto el delicado equilibrio que debe manejar el gobierno entre la implementaci\u00f3n de reformas sociales necesarias y la gesti\u00f3n responsable de las finanzas p\u00fablicas. La discusi\u00f3n sobre la reforma de la salud se convierte as\u00ed en un caso de estudio sobre los desaf\u00edos de implementar pol\u00edticas p\u00fablicas ambiciosas en contextos de restricci\u00f3n fiscal.<\/p>","protected":false},"excerpt":{"rendered":"<p>El Ministerio de Hacienda ha presentado ante el Congreso de la Rep\u00fablica el estudio de impacto fiscal que revela las implicaciones econ\u00f3micas de la propuesta de reforma de la salud, actualmente en debate. Seg\u00fan este an\u00e1lisis, la implementaci\u00f3n de la reforma podr\u00eda costar al Estado colombiano unos 105 billones de pesos en 2025, y el [&hellip;]<\/p>\n","protected":false},"author":4,"featured_media":2393,"comment_status":"open","ping_status":"open","sticky":false,"template":"","format":"standard","meta":{"tdm_status":"","tdm_grid_status":"","_jetpack_memberships_contains_paid_content":false,"footnotes":""},"categories":[39,89,46,103,60],"tags":[93,815,318,135,589,182],"class_list":{"0":"post-2392","1":"post","2":"type-post","3":"status-publish","4":"format-standard","5":"has-post-thumbnail","7":"category-colombia","8":"category-economia","9":"category-gobierno","10":"category-petro","11":"category-salud","12":"tag-colombia","13":"tag-costos","14":"tag-minhacienda","15":"tag-petro","16":"tag-reforma","17":"tag-salud"},"jetpack_sharing_enabled":true,"jetpack_featured_media_url":"https:\/\/colombiaopina.com.co\/wp-content\/uploads\/2024\/03\/SALUD-3.jpeg","amp_enabled":true,"_links":{"self":[{"href":"https:\/\/colombiaopina.com.co\/index.php\/wp-json\/wp\/v2\/posts\/2392"}],"collection":[{"href":"https:\/\/colombiaopina.com.co\/index.php\/wp-json\/wp\/v2\/posts"}],"about":[{"href":"https:\/\/colombiaopina.com.co\/index.php\/wp-json\/wp\/v2\/types\/post"}],"author":[{"embeddable":true,"href":"https:\/\/colombiaopina.com.co\/index.php\/wp-json\/wp\/v2\/users\/4"}],"replies":[{"embeddable":true,"href":"https:\/\/colombiaopina.com.co\/index.php\/wp-json\/wp\/v2\/comments?post=2392"}],"version-history":[{"count":1,"href":"https:\/\/colombiaopina.com.co\/index.php\/wp-json\/wp\/v2\/posts\/2392\/revisions"}],"predecessor-version":[{"id":2395,"href":"https:\/\/colombiaopina.com.co\/index.php\/wp-json\/wp\/v2\/posts\/2392\/revisions\/2395"}],"wp:featuredmedia":[{"embeddable":true,"href":"https:\/\/colombiaopina.com.co\/index.php\/wp-json\/wp\/v2\/media\/2393"}],"wp:attachment":[{"href":"https:\/\/colombiaopina.com.co\/index.php\/wp-json\/wp\/v2\/media?parent=2392"}],"wp:term":[{"taxonomy":"category","embeddable":true,"href":"https:\/\/colombiaopina.com.co\/index.php\/wp-json\/wp\/v2\/categories?post=2392"},{"taxonomy":"post_tag","embeddable":true,"href":"https:\/\/colombiaopina.com.co\/index.php\/wp-json\/wp\/v2\/tags?post=2392"}],"curies":[{"name":"wp","href":"https:\/\/api.w.org\/{rel}","templated":true}]}}