{"id":2363,"date":"2024-03-21T11:18:10","date_gmt":"2024-03-21T16:18:10","guid":{"rendered":"https:\/\/colombiaopina.com.co\/?p=2363"},"modified":"2024-03-21T11:18:11","modified_gmt":"2024-03-21T16:18:11","slug":"crisis-en-dialogos-de-paz-un-reves-para-la-estrategia-de-petro","status":"publish","type":"post","link":"https:\/\/colombiaopina.com.co\/index.php\/2024\/03\/21\/crisis-en-dialogos-de-paz-un-reves-para-la-estrategia-de-petro\/","title":{"rendered":"Crisis en di\u00e1logos de paz: \u00bfun rev\u00e9s para la estrategia de Petro?"},"content":{"rendered":"<p>La estrategia de paz total del presidente Gustavo Petro enfrenta su momento m\u00e1s cr\u00edtico tras el evidente deterioro en los di\u00e1logos con las disidencias de las Farc, espec\u00edficamente con el autodenominado Estado Mayor Central (EMC), liderado por alias Iv\u00e1n Mordisco. La reciente escalada de violencia y las declaraciones pol\u00e9micas del presidente han llevado a cuestionar la viabilidad de alcanzar una paz duradera bajo el actual enfoque gubernamental.<br><\/p><p>Tras los ataques contra comunidades ind\u00edgenas en Cauca y la suspensi\u00f3n del cese al fuego en tres departamentos claves, las operaciones militares se reanudaron, dejando en evidencia la profundidad de las diferencias entre el gobierno y las disidencias. Petro, desde Tierralta, no solo calific\u00f3 a Mordisco de \u00abtraqueto vestido de revolucionario\u00bb sino que tambi\u00e9n hizo una comparaci\u00f3n con Pablo Escobar, indicando un punto de no retorno en la relaci\u00f3n entre ambas partes.<br><\/p><p>Este tenso escenario ha desencadenado una ola de cr\u00edticas y preocupaciones tanto dentro como fuera del Congreso, donde 25 congresistas han pedido extender la suspensi\u00f3n del cese al fuego a todo el pa\u00eds. Argumentan que las disidencias, lejos de comprometerse con la paz, han aprovechado este periodo para fortalecerse y expandir su influencia criminal, afectando la seguridad y el bienestar de diversas comunidades.<br><\/p><figure class=\"wp-block-image size-large\"><img loading=\"lazy\" decoding=\"async\" width=\"1024\" height=\"512\" src=\"https:\/\/colombiaopina.com.co\/wp-content\/uploads\/2024\/03\/PETROFARC-1024x512.jpeg\" alt=\"\" class=\"wp-image-2364\" srcset=\"https:\/\/colombiaopina.com.co\/wp-content\/uploads\/2024\/03\/PETROFARC-1024x512.jpeg 1024w, https:\/\/colombiaopina.com.co\/wp-content\/uploads\/2024\/03\/PETROFARC-300x150.jpeg 300w, https:\/\/colombiaopina.com.co\/wp-content\/uploads\/2024\/03\/PETROFARC-768x384.jpeg 768w, https:\/\/colombiaopina.com.co\/wp-content\/uploads\/2024\/03\/PETROFARC-150x75.jpeg 150w, https:\/\/colombiaopina.com.co\/wp-content\/uploads\/2024\/03\/PETROFARC-696x348.jpeg 696w, https:\/\/colombiaopina.com.co\/wp-content\/uploads\/2024\/03\/PETROFARC-1068x534.jpeg 1068w, https:\/\/colombiaopina.com.co\/wp-content\/uploads\/2024\/03\/PETROFARC-600x300.jpeg 600w, https:\/\/colombiaopina.com.co\/wp-content\/uploads\/2024\/03\/PETROFARC.jpeg 1200w\" sizes=\"(max-width: 1024px) 100vw, 1024px\" \/><\/figure><p>El panorama se complica a\u00fan m\u00e1s con el reporte de un fortalecimiento significativo del EMC en 234 municipios del pa\u00eds, acompa\u00f1ado de un alarmante n\u00famero de violaciones al cese al fuego y actos violentos. Estos desarrollos plantean un dilema crucial para Petro: persistir en su pol\u00edtica de paz total, a pesar de los crecientes desaf\u00edos, o adoptar una postura m\u00e1s firme para prevenir una escalada de violencia.<br><\/p><p>Este momento de incertidumbre en los di\u00e1logos de paz representa no solo un posible rev\u00e9s para la pol\u00edtica de Petro sino tambi\u00e9n una encrucijada para el futuro del pa\u00eds en su b\u00fasqueda de una paz integral y duradera. La decisi\u00f3n del gobierno frente a este impasse ser\u00e1 determinante en el camino hacia la resoluci\u00f3n del prolongado conflicto colombiano.<\/p>","protected":false},"excerpt":{"rendered":"<p>La estrategia de paz total del presidente Gustavo Petro enfrenta su momento m\u00e1s cr\u00edtico tras el evidente deterioro en los di\u00e1logos con las disidencias de las Farc, espec\u00edficamente con el autodenominado Estado Mayor Central (EMC), liderado por alias Iv\u00e1n Mordisco. La reciente escalada de violencia y las declaraciones pol\u00e9micas del presidente han llevado a cuestionar [&hellip;]<\/p>\n","protected":false},"author":4,"featured_media":2365,"comment_status":"open","ping_status":"open","sticky":false,"template":"","format":"standard","meta":{"tdm_status":"","tdm_grid_status":"","_jetpack_memberships_contains_paid_content":false,"footnotes":""},"categories":[39,46,103,41],"tags":[93,444,225,227,224,135,65],"class_list":{"0":"post-2363","1":"post","2":"type-post","3":"status-publish","4":"format-standard","5":"has-post-thumbnail","7":"category-colombia","8":"category-gobierno","9":"category-petro","10":"category-seguridad","11":"tag-colombia","12":"tag-dialogos","13":"tag-farc","14":"tag-gobierno","15":"tag-paz","16":"tag-petro","17":"tag-seguridad"},"jetpack_sharing_enabled":true,"jetpack_featured_media_url":"https:\/\/colombiaopina.com.co\/wp-content\/uploads\/2024\/03\/PETRO1-1.jpeg","amp_enabled":true,"_links":{"self":[{"href":"https:\/\/colombiaopina.com.co\/index.php\/wp-json\/wp\/v2\/posts\/2363"}],"collection":[{"href":"https:\/\/colombiaopina.com.co\/index.php\/wp-json\/wp\/v2\/posts"}],"about":[{"href":"https:\/\/colombiaopina.com.co\/index.php\/wp-json\/wp\/v2\/types\/post"}],"author":[{"embeddable":true,"href":"https:\/\/colombiaopina.com.co\/index.php\/wp-json\/wp\/v2\/users\/4"}],"replies":[{"embeddable":true,"href":"https:\/\/colombiaopina.com.co\/index.php\/wp-json\/wp\/v2\/comments?post=2363"}],"version-history":[{"count":1,"href":"https:\/\/colombiaopina.com.co\/index.php\/wp-json\/wp\/v2\/posts\/2363\/revisions"}],"predecessor-version":[{"id":2366,"href":"https:\/\/colombiaopina.com.co\/index.php\/wp-json\/wp\/v2\/posts\/2363\/revisions\/2366"}],"wp:featuredmedia":[{"embeddable":true,"href":"https:\/\/colombiaopina.com.co\/index.php\/wp-json\/wp\/v2\/media\/2365"}],"wp:attachment":[{"href":"https:\/\/colombiaopina.com.co\/index.php\/wp-json\/wp\/v2\/media?parent=2363"}],"wp:term":[{"taxonomy":"category","embeddable":true,"href":"https:\/\/colombiaopina.com.co\/index.php\/wp-json\/wp\/v2\/categories?post=2363"},{"taxonomy":"post_tag","embeddable":true,"href":"https:\/\/colombiaopina.com.co\/index.php\/wp-json\/wp\/v2\/tags?post=2363"}],"curies":[{"name":"wp","href":"https:\/\/api.w.org\/{rel}","templated":true}]}}