{"id":2315,"date":"2024-03-20T17:00:03","date_gmt":"2024-03-20T22:00:03","guid":{"rendered":"https:\/\/colombiaopina.com.co\/?p=2315"},"modified":"2024-03-20T17:00:05","modified_gmt":"2024-03-20T22:00:05","slug":"dani-alves-obtiene-libertad-bajo-fianza-tras-condena-por-violacion","status":"publish","type":"post","link":"https:\/\/colombiaopina.com.co\/index.php\/2024\/03\/20\/dani-alves-obtiene-libertad-bajo-fianza-tras-condena-por-violacion\/","title":{"rendered":"Dani Alves obtiene libertad bajo fianza tras condena por violaci\u00f3n"},"content":{"rendered":"<p>La Audiencia de Barcelona ha concedido la libertad bajo fianza al futbolista brasile\u00f1o Dani Alves, a cambio del pago de un mill\u00f3n de euros, en medio del proceso legal que enfrenta por la violaci\u00f3n de una joven de 23 a\u00f1os. Adem\u00e1s de la fianza, al deportista de 40 a\u00f1os se le han retenido ambos pasaportes, espa\u00f1ol y brasile\u00f1o, para impedir su salida del pa\u00eds, y deber\u00e1 presentarse semanalmente ante la Audiencia Provincial, manteni\u00e9ndose adem\u00e1s alejado de la v\u00edctima.<br><\/p><p>Este desarrollo se produce tras la condena inicial de Alves a cuatro a\u00f1os y medio de prisi\u00f3n, una sentencia que actualmente se encuentra en proceso de apelaci\u00f3n. La decisi\u00f3n de otorgarle la libertad provisional llega despu\u00e9s de que el propio Alves asegurara en una audiencia que no intentar\u00eda huir y expresara su confianza en el sistema de justicia.<br><\/p><p>El caso ha suscitado una amplia reacci\u00f3n, incluyendo la de la Fiscal\u00eda, que ha manifestado su oposici\u00f3n a la libertad del jugador, argumentando un alto riesgo de fuga. Esta posici\u00f3n se ha mantenido incluso despu\u00e9s de que la defensa de Alves argumentara que el futbolista ya hab\u00eda cumplido una cuarta parte de su pena y que, por tanto, podr\u00eda empezar a acceder a beneficios penitenciarios en caso de una sentencia firme.<br><\/p><p>La liberaci\u00f3n de Alves ha reavivado el debate sobre la influencia del estatus y el poder en el trato de casos de violencia de g\u00e9nero y sexual, con cr\u00edticas apuntando a un mensaje de desprotecci\u00f3n para las v\u00edctimas de tales delitos. Este caso se enmarca en un contexto m\u00e1s amplio de discusi\u00f3n sobre la ley del \u00abSolo s\u00ed es s\u00ed\u00bb en Espa\u00f1a, una normativa destinada a reforzar la protecci\u00f3n contra los abusos sexuales.<\/p><figure class=\"wp-block-embed is-type-rich is-provider-twitter wp-block-embed-twitter\"><div class=\"wp-block-embed__wrapper\">\n<blockquote class=\"twitter-tweet\" data-width=\"550\" data-dnt=\"true\"><p lang=\"es\" dir=\"ltr\">La abogada de la v\u00edctima de Dani Alves acusa a la justicia de ser &quot;para ricos&quot; y advierte del riesgo de fuga <a href=\"https:\/\/t.co\/DYVKNb89FQ\">https:\/\/t.co\/DYVKNb89FQ<\/a><\/p>&mdash; MARCA (@marca) <a href=\"https:\/\/twitter.com\/marca\/status\/1770522222144225338?ref_src=twsrc%5Etfw\">March 20, 2024<\/a><\/blockquote><script async src=\"https:\/\/platform.twitter.com\/widgets.js\" charset=\"utf-8\"><\/script>\n<\/div><\/figure>","protected":false},"excerpt":{"rendered":"<p>La Audiencia de Barcelona ha concedido la libertad bajo fianza al futbolista brasile\u00f1o Dani Alves, a cambio del pago de un mill\u00f3n de euros, en medio del proceso legal que enfrenta por la violaci\u00f3n de una joven de 23 a\u00f1os. Adem\u00e1s de la fianza, al deportista de 40 a\u00f1os se le han retenido ambos pasaportes, [&hellip;]<\/p>\n","protected":false},"author":4,"featured_media":2316,"comment_status":"open","ping_status":"open","sticky":false,"template":"","format":"standard","meta":{"tdm_status":"","tdm_grid_status":"","_jetpack_memberships_contains_paid_content":false,"footnotes":""},"categories":[47,53],"tags":[786,449,787,74,596,65,785],"class_list":{"0":"post-2315","1":"post","2":"type-post","3":"status-publish","4":"format-standard","5":"has-post-thumbnail","7":"category-deportes","8":"category-internacional","9":"tag-barcelona","10":"tag-condena","11":"tag-dani-alves","12":"tag-deportes","13":"tag-internacional","14":"tag-seguridad","15":"tag-violacion"},"jetpack_sharing_enabled":true,"jetpack_featured_media_url":"https:\/\/colombiaopina.com.co\/wp-content\/uploads\/2024\/03\/Dani-Alves.jpeg","amp_enabled":true,"_links":{"self":[{"href":"https:\/\/colombiaopina.com.co\/index.php\/wp-json\/wp\/v2\/posts\/2315"}],"collection":[{"href":"https:\/\/colombiaopina.com.co\/index.php\/wp-json\/wp\/v2\/posts"}],"about":[{"href":"https:\/\/colombiaopina.com.co\/index.php\/wp-json\/wp\/v2\/types\/post"}],"author":[{"embeddable":true,"href":"https:\/\/colombiaopina.com.co\/index.php\/wp-json\/wp\/v2\/users\/4"}],"replies":[{"embeddable":true,"href":"https:\/\/colombiaopina.com.co\/index.php\/wp-json\/wp\/v2\/comments?post=2315"}],"version-history":[{"count":1,"href":"https:\/\/colombiaopina.com.co\/index.php\/wp-json\/wp\/v2\/posts\/2315\/revisions"}],"predecessor-version":[{"id":2317,"href":"https:\/\/colombiaopina.com.co\/index.php\/wp-json\/wp\/v2\/posts\/2315\/revisions\/2317"}],"wp:featuredmedia":[{"embeddable":true,"href":"https:\/\/colombiaopina.com.co\/index.php\/wp-json\/wp\/v2\/media\/2316"}],"wp:attachment":[{"href":"https:\/\/colombiaopina.com.co\/index.php\/wp-json\/wp\/v2\/media?parent=2315"}],"wp:term":[{"taxonomy":"category","embeddable":true,"href":"https:\/\/colombiaopina.com.co\/index.php\/wp-json\/wp\/v2\/categories?post=2315"},{"taxonomy":"post_tag","embeddable":true,"href":"https:\/\/colombiaopina.com.co\/index.php\/wp-json\/wp\/v2\/tags?post=2315"}],"curies":[{"name":"wp","href":"https:\/\/api.w.org\/{rel}","templated":true}]}}