{"id":2311,"date":"2024-03-20T16:56:15","date_gmt":"2024-03-20T21:56:15","guid":{"rendered":"https:\/\/colombiaopina.com.co\/?p=2311"},"modified":"2024-03-20T16:56:16","modified_gmt":"2024-03-20T21:56:16","slug":"semana-santa-en-antioquia-economia-apretada-deja-a-la-mayoria-en-casa","status":"publish","type":"post","link":"https:\/\/colombiaopina.com.co\/index.php\/2024\/03\/20\/semana-santa-en-antioquia-economia-apretada-deja-a-la-mayoria-en-casa\/","title":{"rendered":"Semana Santa en Antioquia: econom\u00eda apretada deja a la mayor\u00eda en casa\u2028"},"content":{"rendered":"<p>Ante la llegada de la Semana Santa, tradicionalmente un momento \u00e1lgido para el turismo, Antioquia enfrenta una realidad distinta este a\u00f1o. Seg\u00fan una reciente encuesta de Fenalco Antioquia, Investiga, un abrumador 60% de los antioque\u00f1os optar\u00e1 por quedarse en casa durante estas fechas, una decisi\u00f3n influenciada en gran medida por la situaci\u00f3n econ\u00f3mica. <\/p><p>La falta de recursos econ\u00f3micos es el principal motivo para el 48% de los que decidieron no viajar, mientras que un 32% no podr\u00e1 tomar vacaciones debido a compromisos laborales.\u2028<br>Los datos revelan que solo el 40% de la poblaci\u00f3n tiene planes de salir, preferentemente hacia destinos dentro del departamento, reflejando una tendencia a explorar lo local en lugar de aventurarse m\u00e1s all\u00e1 de las fronteras regionales o nacionales. Este grupo, aunque minoritario, demuestra cierta resilencia econ\u00f3mica o, al menos, una priorizaci\u00f3n del descanso y la recreaci\u00f3n en sus presupuestos.\u2028<br><\/p><p>Curiosamente, el estudio arroj\u00f3 luz sobre las pr\u00e1cticas de consumo durante esta \u00e9poca, destacando que casi la mitad de los encuestados (49%) no altera su dieta para incrementar el consumo de pescado, tradici\u00f3n conocida como \u00abvigilia\u00bb, una pr\u00e1ctica religiosa que parece perder fuerza frente a las costumbres alimenticias cotidianas de la poblaci\u00f3n.\u2028<br><\/p><figure class=\"wp-block-image size-full\"><img loading=\"lazy\" decoding=\"async\" width=\"780\" height=\"554\" src=\"https:\/\/colombiaopina.com.co\/wp-content\/uploads\/2024\/03\/Semana-Santa1.jpeg\" alt=\"\" class=\"wp-image-2313\" srcset=\"https:\/\/colombiaopina.com.co\/wp-content\/uploads\/2024\/03\/Semana-Santa1.jpeg 780w, https:\/\/colombiaopina.com.co\/wp-content\/uploads\/2024\/03\/Semana-Santa1-300x213.jpeg 300w, https:\/\/colombiaopina.com.co\/wp-content\/uploads\/2024\/03\/Semana-Santa1-768x545.jpeg 768w, https:\/\/colombiaopina.com.co\/wp-content\/uploads\/2024\/03\/Semana-Santa1-150x107.jpeg 150w, https:\/\/colombiaopina.com.co\/wp-content\/uploads\/2024\/03\/Semana-Santa1-696x494.jpeg 696w, https:\/\/colombiaopina.com.co\/wp-content\/uploads\/2024\/03\/Semana-Santa1-600x426.jpeg 600w\" sizes=\"(max-width: 780px) 100vw, 780px\" \/><\/figure><p>La encuesta tambi\u00e9n ofrece una ventana a c\u00f3mo los antioque\u00f1os planean manejar sus finanzas durante este per\u00edodo, con una mayor\u00eda conservando su presupuesto de viaje del a\u00f1o anterior, a pesar de la inflaci\u00f3n del 7,74% a nivel nacional y del 8,47% espec\u00edficamente para Medell\u00edn y su \u00e1rea metropolitana. Este panorama refleja no solo las prioridades y desaf\u00edos de los ciudadanos de Antioquia sino tambi\u00e9n las adaptaciones que deben realizar ante un contexto econ\u00f3mico complicado. Con una significativa proporci\u00f3n de la poblaci\u00f3n buscando alternativas para disfrutar de las festividades sin salir de casa, esta Semana Santa promete ser un reflejo de la creatividad y la resiliencia de los antioque\u00f1os frente a la adversidad econ\u00f3mica.<\/p>","protected":false},"excerpt":{"rendered":"<p>Ante la llegada de la Semana Santa, tradicionalmente un momento \u00e1lgido para el turismo, Antioquia enfrenta una realidad distinta este a\u00f1o. Seg\u00fan una reciente encuesta de Fenalco Antioquia, Investiga, un abrumador 60% de los antioque\u00f1os optar\u00e1 por quedarse en casa durante estas fechas, una decisi\u00f3n influenciada en gran medida por la situaci\u00f3n econ\u00f3mica. La falta [&hellip;]<\/p>\n","protected":false},"author":4,"featured_media":2312,"comment_status":"open","ping_status":"open","sticky":false,"template":"","format":"standard","meta":{"tdm_status":"","tdm_grid_status":"","_jetpack_memberships_contains_paid_content":false,"footnotes":""},"categories":[38,89,88],"tags":[282,642,784,239],"class_list":{"0":"post-2311","1":"post","2":"type-post","3":"status-publish","4":"format-standard","5":"has-post-thumbnail","7":"category-antioquia","8":"category-economia","9":"category-turismo","10":"tag-antioquia","11":"tag-economia-2","12":"tag-semana-santa","13":"tag-turismo"},"jetpack_sharing_enabled":true,"jetpack_featured_media_url":"https:\/\/colombiaopina.com.co\/wp-content\/uploads\/2024\/03\/Semana-Santa.jpeg","amp_enabled":true,"_links":{"self":[{"href":"https:\/\/colombiaopina.com.co\/index.php\/wp-json\/wp\/v2\/posts\/2311"}],"collection":[{"href":"https:\/\/colombiaopina.com.co\/index.php\/wp-json\/wp\/v2\/posts"}],"about":[{"href":"https:\/\/colombiaopina.com.co\/index.php\/wp-json\/wp\/v2\/types\/post"}],"author":[{"embeddable":true,"href":"https:\/\/colombiaopina.com.co\/index.php\/wp-json\/wp\/v2\/users\/4"}],"replies":[{"embeddable":true,"href":"https:\/\/colombiaopina.com.co\/index.php\/wp-json\/wp\/v2\/comments?post=2311"}],"version-history":[{"count":1,"href":"https:\/\/colombiaopina.com.co\/index.php\/wp-json\/wp\/v2\/posts\/2311\/revisions"}],"predecessor-version":[{"id":2314,"href":"https:\/\/colombiaopina.com.co\/index.php\/wp-json\/wp\/v2\/posts\/2311\/revisions\/2314"}],"wp:featuredmedia":[{"embeddable":true,"href":"https:\/\/colombiaopina.com.co\/index.php\/wp-json\/wp\/v2\/media\/2312"}],"wp:attachment":[{"href":"https:\/\/colombiaopina.com.co\/index.php\/wp-json\/wp\/v2\/media?parent=2311"}],"wp:term":[{"taxonomy":"category","embeddable":true,"href":"https:\/\/colombiaopina.com.co\/index.php\/wp-json\/wp\/v2\/categories?post=2311"},{"taxonomy":"post_tag","embeddable":true,"href":"https:\/\/colombiaopina.com.co\/index.php\/wp-json\/wp\/v2\/tags?post=2311"}],"curies":[{"name":"wp","href":"https:\/\/api.w.org\/{rel}","templated":true}]}}