{"id":2298,"date":"2024-03-19T12:57:19","date_gmt":"2024-03-19T17:57:19","guid":{"rendered":"https:\/\/colombiaopina.com.co\/?p=2298"},"modified":"2024-03-19T12:57:21","modified_gmt":"2024-03-19T17:57:21","slug":"acuartelamiento-de-fuerzas-militares-ante-escalada-de-disidencias-farc-un-giro-en-la-seguridad-nacional","status":"publish","type":"post","link":"https:\/\/colombiaopina.com.co\/index.php\/2024\/03\/19\/acuartelamiento-de-fuerzas-militares-ante-escalada-de-disidencias-farc-un-giro-en-la-seguridad-nacional\/","title":{"rendered":"Acuartelamiento de Fuerzas Militares ante escalada de disidencias FARC: un giro en la seguridad nacional"},"content":{"rendered":"<p>En un movimiento decisivo y de gran alcance, el comandante de las Fuerzas Militares de Colombia, general Helder Giraldo, ha ordenado el acuartelamiento de primer grado de todas las tropas militares en el pa\u00eds, marcando un punto de inflexi\u00f3n en la postura de seguridad nacional frente a la posible escalada de violencia por parte de las disidencias de las FARC, lideradas por alias \u2018Iv\u00e1n Mordisco\u2019. Esta medida, que se extender\u00e1 hasta nuevo aviso, surge como respuesta directa a la suspensi\u00f3n del cese al fuego con el Estado Mayor Central de las disidencias de las FARC anunciada por el presidente Gustavo Petro, una decisi\u00f3n que previsiblemente podr\u00eda intensificar el conflicto armado.<\/p><p>La directriz del general Giraldo pone de manifiesto la seriedad con la que las autoridades militares est\u00e1n tomando la potencial amenaza a la seguridad y la estabilidad del pa\u00eds, enfatizando la misi\u00f3n fundamental de las Fuerzas Armadas de proteger a la poblaci\u00f3n civil y mantener la seguridad en un contexto de incertidumbre y amenaza creciente. En su declaraci\u00f3n, Giraldo destac\u00f3 la importancia de prepararse para un escenario de incremento en las operaciones militares y los enfrentamientos con grupos insurgentes, siempre con la prioridad de proteger a las comunidades y las propias tropas.<\/p><p>Este acuartelamiento de primer grado no solo refleja la voluntad de las Fuerzas Militares de actuar con determinaci\u00f3n frente a los desaf\u00edos que plantea el fin del cese al fuego, sino que tambi\u00e9n subraya la complejidad de la situaci\u00f3n de seguridad en Colombia. La instrucci\u00f3n de mantener elevada la alerta situacional y reanudar las operaciones militares ofensivas en regiones claves como Nari\u00f1o, Cauca y Valle del Cauca, ilustra la estrategia adoptada para contrarrestar el accionar delictivo de las disidencias y asegurar la protecci\u00f3n y la paz en estas zonas cr\u00edticas.<\/p><p>La decisi\u00f3n de acuartelamiento, sin precedentes en el contexto actual, env\u00eda un mensaje claro sobre la gravedad de la situaci\u00f3n y el compromiso de las Fuerzas Militares con la seguridad nacional. Mientras Colombia se enfrenta a este nuevo cap\u00edtulo en su prolongado conflicto interno, la respuesta militar juega un papel crucial en la b\u00fasqueda de estabilidad y paz, enfatizando la necesidad de un enfoque equilibrado que proteja a los ciudadanos y preserve los valores democr\u00e1ticos del pa\u00eds.<\/p><figure class=\"wp-block-embed is-type-rich is-provider-twitter wp-block-embed-twitter\"><div class=\"wp-block-embed__wrapper\">\n<blockquote class=\"twitter-tweet\" data-width=\"550\" data-dnt=\"true\"><p lang=\"es\" dir=\"ltr\">A trav\u00e9s de un mensaje radial, que llega a m\u00e1s de 300 mil hombres y mujeres de las <a href=\"https:\/\/twitter.com\/FuerzasMilCol?ref_src=twsrc%5Etfw\">@FuerzasMilCol<\/a>, el Comandante General Helder Giraldo se refiri\u00f3 a la suspensi\u00f3n del cese al fuego bilateral con el EMC en Nari\u00f1o, Cauca y Valle del Cauca, y orden\u00f3 la reanudaci\u00f3n de las operaciones\u2026 <a href=\"https:\/\/t.co\/AFuWQsjBSS\">pic.twitter.com\/AFuWQsjBSS<\/a><\/p>&mdash; Mindefensa (@mindefensa) <a href=\"https:\/\/twitter.com\/mindefensa\/status\/1769902495164227679?ref_src=twsrc%5Etfw\">March 19, 2024<\/a><\/blockquote><script async src=\"https:\/\/platform.twitter.com\/widgets.js\" charset=\"utf-8\"><\/script>\n<\/div><\/figure>","protected":false},"excerpt":{"rendered":"<p>En un movimiento decisivo y de gran alcance, el comandante de las Fuerzas Militares de Colombia, general Helder Giraldo, ha ordenado el acuartelamiento de primer grado de todas las tropas militares en el pa\u00eds, marcando un punto de inflexi\u00f3n en la postura de seguridad nacional frente a la posible escalada de violencia por parte de [&hellip;]<\/p>\n","protected":false},"author":4,"featured_media":2299,"comment_status":"open","ping_status":"open","sticky":false,"template":"","format":"standard","meta":{"tdm_status":"","tdm_grid_status":"","_jetpack_memberships_contains_paid_content":false,"footnotes":""},"categories":[39,41],"tags":[93,673,225,672,227,127,135,65],"class_list":{"0":"post-2298","1":"post","2":"type-post","3":"status-publish","4":"format-standard","5":"has-post-thumbnail","7":"category-colombia","8":"category-seguridad","9":"tag-colombia","10":"tag-ejercito","11":"tag-farc","12":"tag-ffmm","13":"tag-gobierno","14":"tag-orden-publico","15":"tag-petro","16":"tag-seguridad"},"jetpack_sharing_enabled":true,"jetpack_featured_media_url":"https:\/\/colombiaopina.com.co\/wp-content\/uploads\/2024\/03\/militares.jpeg","amp_enabled":true,"_links":{"self":[{"href":"https:\/\/colombiaopina.com.co\/index.php\/wp-json\/wp\/v2\/posts\/2298"}],"collection":[{"href":"https:\/\/colombiaopina.com.co\/index.php\/wp-json\/wp\/v2\/posts"}],"about":[{"href":"https:\/\/colombiaopina.com.co\/index.php\/wp-json\/wp\/v2\/types\/post"}],"author":[{"embeddable":true,"href":"https:\/\/colombiaopina.com.co\/index.php\/wp-json\/wp\/v2\/users\/4"}],"replies":[{"embeddable":true,"href":"https:\/\/colombiaopina.com.co\/index.php\/wp-json\/wp\/v2\/comments?post=2298"}],"version-history":[{"count":1,"href":"https:\/\/colombiaopina.com.co\/index.php\/wp-json\/wp\/v2\/posts\/2298\/revisions"}],"predecessor-version":[{"id":2300,"href":"https:\/\/colombiaopina.com.co\/index.php\/wp-json\/wp\/v2\/posts\/2298\/revisions\/2300"}],"wp:featuredmedia":[{"embeddable":true,"href":"https:\/\/colombiaopina.com.co\/index.php\/wp-json\/wp\/v2\/media\/2299"}],"wp:attachment":[{"href":"https:\/\/colombiaopina.com.co\/index.php\/wp-json\/wp\/v2\/media?parent=2298"}],"wp:term":[{"taxonomy":"category","embeddable":true,"href":"https:\/\/colombiaopina.com.co\/index.php\/wp-json\/wp\/v2\/categories?post=2298"},{"taxonomy":"post_tag","embeddable":true,"href":"https:\/\/colombiaopina.com.co\/index.php\/wp-json\/wp\/v2\/tags?post=2298"}],"curies":[{"name":"wp","href":"https:\/\/api.w.org\/{rel}","templated":true}]}}