{"id":2230,"date":"2024-03-18T10:20:24","date_gmt":"2024-03-18T15:20:24","guid":{"rendered":"https:\/\/colombiaopina.com.co\/?p=2230"},"modified":"2024-03-18T10:20:25","modified_gmt":"2024-03-18T15:20:25","slug":"alarmante-incremento-en-el-reclutamiento-de-menores-durante-el-2023-advierte-la-defensoria-del-pueblo","status":"publish","type":"post","link":"https:\/\/colombiaopina.com.co\/index.php\/2024\/03\/18\/alarmante-incremento-en-el-reclutamiento-de-menores-durante-el-2023-advierte-la-defensoria-del-pueblo\/","title":{"rendered":"Alarmante incremento en el reclutamiento de menores durante el 2023, advierte la Defensor\u00eda del Pueblo"},"content":{"rendered":"<p>La Defensor\u00eda del Pueblo de Colombia ha lanzado una severa advertencia sobre el creciente fen\u00f3meno del reclutamiento de menores por grupos armados ilegales en el pa\u00eds, con un reporte preocupante de 184 casos a lo largo del 2023. Este alarmante aumento resalta la vulnerabilidad de los ni\u00f1os y adolescentes colombianos frente a las din\u00e1micas del conflicto armado que persiste en varias regiones.<\/p><p>Los departamentos m\u00e1s afectados incluyen el Cauca, con 125 casos registrados, seguido por Norte de Santander con 14, Nari\u00f1o con 10, y otros departamentos como Putumayo, Arauca, Valle del Cauca, Caquet\u00e1, Amazonas, Choc\u00f3, Antioquia y Meta, tambi\u00e9n reportaron incidencias. Esta distribuci\u00f3n geogr\u00e1fica evidencia una preocupante expansi\u00f3n territorial de la problem\u00e1tica, afectando a diversas comunidades a lo largo y ancho del pa\u00eds.<\/p><p>Carlos Camargo Assis, Defensor del Pueblo, ha reiterado la posici\u00f3n de la entidad frente a este delito, destacando que ning\u00fan menor de edad debe ser parte de las filas de grupos armados ilegales. La Corte Constitucional ha enfatizado que los menores son sujetos de especial protecci\u00f3n y deben crecer en el seno de sus familias y comunidades, recibiendo educaci\u00f3n y no siendo forzados a tomar las armas.<\/p><figure class=\"wp-block-image size-full\"><img loading=\"lazy\" decoding=\"async\" width=\"350\" height=\"249\" src=\"https:\/\/colombiaopina.com.co\/wp-content\/uploads\/2024\/03\/menores1-1.jpeg\" alt=\"\" class=\"wp-image-2231\" srcset=\"https:\/\/colombiaopina.com.co\/wp-content\/uploads\/2024\/03\/menores1-1.jpeg 350w, https:\/\/colombiaopina.com.co\/wp-content\/uploads\/2024\/03\/menores1-1-300x213.jpeg 300w, https:\/\/colombiaopina.com.co\/wp-content\/uploads\/2024\/03\/menores1-1-150x107.jpeg 150w\" sizes=\"(max-width: 350px) 100vw, 350px\" \/><\/figure><p>Este aumento en el reclutamiento de menores no solo constituye una violaci\u00f3n grave a los derechos humanos, sino que tambi\u00e9n plantea serios desaf\u00edos para el futuro del pa\u00eds, truncando el desarrollo y bienestar de las nuevas generaciones. La Defensor\u00eda del Pueblo, en su compromiso con la protecci\u00f3n de los derechos de los ni\u00f1os, ni\u00f1as y adolescentes, ha puesto en marcha desde el 2021 la &#8216;Estrategia Defensorial contra el reclutamiento forzado&#8217;, con el objetivo de fortalecer las acciones de prevenci\u00f3n, atenci\u00f3n y divulgaci\u00f3n sobre esta problem\u00e1tica.<\/p><p>La situaci\u00f3n demanda una respuesta urgente y coordinada de todas las entidades del Estado, as\u00ed como de la sociedad civil, para erradicar esta pr\u00e1ctica atroz y garantizar un futuro mejor para todos los ni\u00f1os y ni\u00f1as de Colombia. La paz verdadera y sostenible solo se alcanzar\u00e1 cuando se protejan los derechos y la integridad de las poblaciones m\u00e1s vulnerables frente al conflicto armado.<\/p>","protected":false},"excerpt":{"rendered":"<p>La Defensor\u00eda del Pueblo de Colombia ha lanzado una severa advertencia sobre el creciente fen\u00f3meno del reclutamiento de menores por grupos armados ilegales en el pa\u00eds, con un reporte preocupante de 184 casos a lo largo del 2023. Este alarmante aumento resalta la vulnerabilidad de los ni\u00f1os y adolescentes colombianos frente a las din\u00e1micas del [&hellip;]<\/p>\n","protected":false},"author":4,"featured_media":2220,"comment_status":"open","ping_status":"open","sticky":false,"template":"","format":"standard","meta":{"tdm_status":"","tdm_grid_status":"","_jetpack_memberships_contains_paid_content":false,"footnotes":""},"categories":[39,46,103],"tags":[93,227,240,127,135,705,65],"class_list":{"0":"post-2230","1":"post","2":"type-post","3":"status-publish","4":"format-standard","5":"has-post-thumbnail","7":"category-colombia","8":"category-gobierno","9":"category-petro","10":"tag-colombia","11":"tag-gobierno","12":"tag-menores","13":"tag-orden-publico","14":"tag-petro","15":"tag-reclutamiento","16":"tag-seguridad"},"jetpack_sharing_enabled":true,"jetpack_featured_media_url":"https:\/\/colombiaopina.com.co\/wp-content\/uploads\/2024\/03\/menores.jpeg","amp_enabled":true,"_links":{"self":[{"href":"https:\/\/colombiaopina.com.co\/index.php\/wp-json\/wp\/v2\/posts\/2230"}],"collection":[{"href":"https:\/\/colombiaopina.com.co\/index.php\/wp-json\/wp\/v2\/posts"}],"about":[{"href":"https:\/\/colombiaopina.com.co\/index.php\/wp-json\/wp\/v2\/types\/post"}],"author":[{"embeddable":true,"href":"https:\/\/colombiaopina.com.co\/index.php\/wp-json\/wp\/v2\/users\/4"}],"replies":[{"embeddable":true,"href":"https:\/\/colombiaopina.com.co\/index.php\/wp-json\/wp\/v2\/comments?post=2230"}],"version-history":[{"count":1,"href":"https:\/\/colombiaopina.com.co\/index.php\/wp-json\/wp\/v2\/posts\/2230\/revisions"}],"predecessor-version":[{"id":2232,"href":"https:\/\/colombiaopina.com.co\/index.php\/wp-json\/wp\/v2\/posts\/2230\/revisions\/2232"}],"wp:featuredmedia":[{"embeddable":true,"href":"https:\/\/colombiaopina.com.co\/index.php\/wp-json\/wp\/v2\/media\/2220"}],"wp:attachment":[{"href":"https:\/\/colombiaopina.com.co\/index.php\/wp-json\/wp\/v2\/media?parent=2230"}],"wp:term":[{"taxonomy":"category","embeddable":true,"href":"https:\/\/colombiaopina.com.co\/index.php\/wp-json\/wp\/v2\/categories?post=2230"},{"taxonomy":"post_tag","embeddable":true,"href":"https:\/\/colombiaopina.com.co\/index.php\/wp-json\/wp\/v2\/tags?post=2230"}],"curies":[{"name":"wp","href":"https:\/\/api.w.org\/{rel}","templated":true}]}}